{"id":8275,"date":"2017-09-20T03:00:00","date_gmt":"2017-09-20T06:00:00","guid":{"rendered":"http:\/\/vocesdebaires.com.ar\/wordpress\/index.php\/2017\/09\/20\/ciudad-se-entregaron-los-permios-lola-mora\/"},"modified":"2017-09-20T03:00:00","modified_gmt":"2017-09-20T06:00:00","slug":"ciudad-se-entregaron-los-permios-lola-mora","status":"publish","type":"post","link":"https:\/\/vocesdebaires.com.ar\/index.php\/2017\/09\/20\/ciudad-se-entregaron-los-permios-lola-mora\/","title":{"rendered":"Ciudad: Se entregaron los permios Lola Mora"},"content":{"rendered":"<p>\u00a0<br \/>\nLos Premios Lola Mora fueron creados para productos period\u00edsticos \u201cque promuevan los derechos de la mujer, incentiven la cooperaci\u00f3n y solidaridad entre los sexos, contribuya a la superaci\u00f3n de los estereotipos negativos para la mujer, reivindique en general los derechos igualitarios, su cumplimiento en todos los \u00e1mbitos y la no discriminaci\u00f3n contra la mujer\u201d.La Vicepresidenta Primera, legisladora Carmen Polledo (PRO), fue la autoridad que dio comienzo a la ceremonia de entrega de permios. Resalt\u00f3 que en la \u201cigualdad de oportunidades y generaci\u00f3n de derechos\u201d, son los medios de comunicaci\u00f3n los que tienen un papel innegable en la formaci\u00f3n de las pautas culturales y han favorecido \u201cla mirada de cambio\u201d de la sociedad actual.<br \/>\nEl legislador\u00a0 Jos\u00e9 Luis Acevedo (PRO) cont\u00f3 que \u201chace 17 a\u00f1os que se viene haciendo esta entrega de premios\u201d. La elecci\u00f3n de los ternados y los ganadores al Lola Mora es a trav\u00e9s de un jurado de 22, compuesto por organizaciones de la sociedad civil y un representante de los siguientes organismos: de la Universidad de Buenos Aires, de la Legislatura porte\u00f1a, de la Direcci\u00f3n General de la Mujer (DGM) de la Ciudad y de la Defensor\u00eda del Pueblo.<br \/>\nAgustina Se\u00f1orans, directora de la\u00a0 DGM, explic\u00f3 que el jurado se reuni\u00f3 cada 15 d\u00edas y evalu\u00f3 como se construy\u00f3 la imagen no estereotipada de la mujer en los medios, tanto desde programas informativos como de entretenimientos, para crear la terna en cinco categor\u00edas, aunque el veredicto sobre los ganadores, lo tuvo el p\u00fablico, que lo hizo por internet o de manera presencial, en los 9 Centros Integrales de la Mujer (CIM) o en las 15 comunas, con m\u00e1s de 15 mil votos.<br \/>\nEn \u201clabor period\u00edstica en televisi\u00f3n\u201d la terna estaba integrada por Daniela Ballester, Luciana Rubinska, \u00c1ngela Lerena y Valeria Sampedro, que se impuso. La periodista de canal 13 fue felicitada por el jurado por su nota de Consejer\u00edas de Aborto en el Uruguay, propuesta que fue aceptada en su canal luego de la gran repercusi\u00f3n que tuvo una nota escrita por ella en su p\u00e1gina web. En \u201cTV no ficci\u00f3n\u201d, gan\u00f3 Que Piensan Los Que No Piensan Como Yo, programa que se propone un debate a fondo y respetuoso sobre los temas m\u00e1s controvertidos de nuestra sociedad y una invitaci\u00f3n a desafiar convicciones profundas.<br \/>\nEn \u201cRadio de Inter\u00e9s General\u201d, los tres competidores fueron Ahora es Cuando (FM Blue), No Somos Nadie (FM Metro) y A Los Botes (Futurock), que ganaron el premio. Los periodistas que conducen el programa, Werner Perrot y Estefan\u00eda Pozzo, dedicaron el premio a los \u201cperiodistas precarizados\u201d, que en su mayor\u00eda son mujeres.En \u201cRadio con perspectiva de g\u00e9nero\u201d los ternados fueron: Historias De Mujeres (Radio Congreso), Mujeres de Ac\u00e1 (Radio Nacional) y Nos quemaron por Brujas (Radio Presente), que gan\u00f3.\u00a0 Las integrantes del programa afirmaron que son \u201cel cuerpo y la voz de muchas mujeres\u201d, que no se han mostrado, ya que ellas abordan los temas desde una \u201ccomunicaci\u00f3n popular feminista\u201d.<br \/>\nEn \u201cPrensa Escrita\u201d, las nominadas fueron Roxana Barone (revista Haroldo), Nora Bar (diario La Naci\u00f3n) y Sonia Tessa (P\u00e1gina 12). La ganadora Tessa agradeci\u00f3 a los presentes y al \u201cmovimiento de mujeres, ya que sin ellas no ser\u00edamos nada\u201d.Antes de la entrega de los permios de las cuatro categor\u00edas votadas por los jurados, se rindi\u00f3 homenaje a Zunilda Rold\u00e1n, que hace menos de un mes, a los 85 a\u00f1os,\u00a0 falleci\u00f3. En Publicidad, las competidoras fueron las piezas de las empresas Samsung y Ver. La empresa de ropa fue la ganadora, ya que, como manifest\u00f3 una directiva de la empresa, \u201cel compromiso que tenemos quienes trabajamos all\u00ed, es el respeto a la diversidad y la inclusi\u00f3n\u201d.<br \/>\nEntre los Medios Alternativos se impuso ante Anred.Org y Latfem.Org, la revista La Garganta Poderosa.\u00a0 Las periodistas afirmaron que hacen \u201cfeminismo villero que avanza contra los prejuicios estigmatizante\u201d, ya que decidieron \u201cescribir nuestra historia\u201d ante el informe de un periodista que acusaba a una cooperativa del barrio de \u201cladrones\u201d, por lo cual tuvieron distinto tipo de consecuencias negativas. La Menci\u00f3n Especial se la llev\u00f3 Mariana Iglesias (diario Clar\u00edn), por su labor period\u00edstica y su abordaje de las diversas problem\u00e1ticas entrevistando en el lugar a las protagonistas de sus notas. Y la Menci\u00f3n a la Trayectoria se la llev\u00f3 Mariana Carabajal (diario P\u00e1gina 12), por su periodismo especializado en g\u00e9nero.<br \/>\nTambi\u00e9n fueron distinguidos por su compromiso con la paridad de g\u00e9nero el diario TiempoAr, un separador de Canal Encuentro y Arena Extrema (Canal Am\u00e9rica), del movimiento africano que combate el lenguaje sexista y racista. Finaliz\u00f3 la ceremonia la subsecretaria de Promoci\u00f3n Social, Itat\u00ed Candio, que glorific\u00f3 el proceso por el cual \u201ccada vez hay m\u00e1s mujeres y varones comprometidos con la igualdad de g\u00e9nero\u201d.Durante el acto estuvieron presentes los diputados Mar\u00eda Patricia Vischi (SUMA +), Francisco Quintana, Victoria Rold\u00e1n M\u00e9ndez, Mercedes de las Casas, Gabriel Sahonero, Octavio Calder\u00f3n, y Paula Villalba (todos del PRO), que junto a los jurados, entregaron los permios Lola Mora 2017.<\/p>\n","protected":false},"excerpt":{"rendered":"<p>\u00a0 Los Premios Lola Mora fueron creados para productos period\u00edsticos \u201cque promuevan los derechos de la mujer, incentiven la cooperaci\u00f3n y solidaridad entre los sexos, contribuya a la superaci\u00f3n de los estereotipos negativos para la mujer, reivindique en general los derechos igualitarios, su cumplimiento en todos los \u00e1mbitos y la no discriminaci\u00f3n contra la mujer\u201d.La [&hellip;]<\/p>\n","protected":false},"author":1,"featured_media":8276,"comment_status":"open","ping_status":"open","sticky":false,"template":"","format":"standard","meta":{"_et_pb_use_builder":"","_et_pb_old_content":"","_et_gb_content_width":"","footnotes":""},"categories":[11,33],"tags":[],"class_list":["post-8275","post","type-post","status-publish","format-standard","has-post-thumbnail","hentry","category-ciudad","category-sociedad-y-cultura-2"],"_links":{"self":[{"href":"https:\/\/vocesdebaires.com.ar\/index.php\/wp-json\/wp\/v2\/posts\/8275"}],"collection":[{"href":"https:\/\/vocesdebaires.com.ar\/index.php\/wp-json\/wp\/v2\/posts"}],"about":[{"href":"https:\/\/vocesdebaires.com.ar\/index.php\/wp-json\/wp\/v2\/types\/post"}],"author":[{"embeddable":true,"href":"https:\/\/vocesdebaires.com.ar\/index.php\/wp-json\/wp\/v2\/users\/1"}],"replies":[{"embeddable":true,"href":"https:\/\/vocesdebaires.com.ar\/index.php\/wp-json\/wp\/v2\/comments?post=8275"}],"version-history":[{"count":0,"href":"https:\/\/vocesdebaires.com.ar\/index.php\/wp-json\/wp\/v2\/posts\/8275\/revisions"}],"wp:featuredmedia":[{"embeddable":true,"href":"https:\/\/vocesdebaires.com.ar\/index.php\/wp-json\/wp\/v2\/media\/8276"}],"wp:attachment":[{"href":"https:\/\/vocesdebaires.com.ar\/index.php\/wp-json\/wp\/v2\/media?parent=8275"}],"wp:term":[{"taxonomy":"category","embeddable":true,"href":"https:\/\/vocesdebaires.com.ar\/index.php\/wp-json\/wp\/v2\/categories?post=8275"},{"taxonomy":"post_tag","embeddable":true,"href":"https:\/\/vocesdebaires.com.ar\/index.php\/wp-json\/wp\/v2\/tags?post=8275"}],"curies":[{"name":"wp","href":"https:\/\/api.w.org\/{rel}","templated":true}]}}