{"id":8285,"date":"2017-09-19T03:00:00","date_gmt":"2017-09-19T06:00:00","guid":{"rendered":"http:\/\/vocesdebaires.com.ar\/wordpress\/index.php\/2017\/09\/19\/proyectos-urbanisticos-financiar-viaductos\/"},"modified":"2017-09-19T03:00:00","modified_gmt":"2017-09-19T06:00:00","slug":"proyectos-urbanisticos-financiar-viaductos","status":"publish","type":"post","link":"https:\/\/vocesdebaires.com.ar\/index.php\/2017\/09\/19\/proyectos-urbanisticos-financiar-viaductos\/","title":{"rendered":"Proyectos urban\u00edsticos: Financiar viaductos"},"content":{"rendered":"<p>\u00a0<br \/>\nFuncionarios de los poderes ejecutivos de la Naci\u00f3n y Ciudad de Buenos Aires expusieron el pasado viernes ante la Comisi\u00f3n de Planeamiento Urbano de la Legislatura porte\u00f1a detalles de un proyecto de ley enviado por el Jefe de Gobierno, Horacio Rodr\u00edguez Larreta, que busca cambiar la zonificaci\u00f3n de cinco predios pertenecientes al Estado Nacional y habilitar la construcci\u00f3n de futuros emprendimientos urban\u00edsticos que financiar\u00e1n las obras de los anunciados viaductos de las l\u00edneas San Mart\u00edn y Mitre, en beneficio del sistema de transporte ferroviario.El Secretario de Planificaci\u00f3n del Transporte del Ministerio de Transporte de la Naci\u00f3n, ingeniero Germ\u00e1n Bussi, contextualiz\u00f3 las obras de los viaductos.<br \/>\nDestac\u00f3 la mejora que la construcci\u00f3n de los mismos representar\u00e1 para el sistema de transporte ferroviario y para la conectividad vial norte-sur. Asegur\u00f3 que se eliminar\u00e1n varias barreras en los sectores m\u00e1s conflictivos permitiendo el aumento de la frecuencia y la velocidad de marcha de los trenes as\u00ed como la dr\u00e1stica reducci\u00f3n de los \u00edndices de siniestralidad. El proyecto impulsa, a trav\u00e9s de la Agencia de Administraci\u00f3n de Bienes del Estado -AABE- la rezonificaci\u00f3n de predios. Seg\u00fan explic\u00f3 el Director General de Planeamiento Urbano del GCABA arquitecto Mariano Orlando son cinco, que se suman al Corredor Verde de Colegiales y al proyectado &quot;Catalinas Sur 2&quot; que recibieron aprobaci\u00f3n inicial de la Legislatura.<br \/>\nDos de ellos son frentistas a la avenida General Paz: uno entre la avenida Emilio Castro y la calle Ercilla, en el barrio de Mataderos -Comuna 9, donde funciona la Direcci\u00f3n General de Mantenimiento de Flota Automotor y la escuela t\u00e9cnica de Vialidad Nacional; y el otro, delimitado por las calles Holmberg, Pico y las v\u00edas del ferrocarril Mitre en Saavedra -Comuna 12, lindero al centro comercial Doy Baires Shopping. Otro de los terrenos est\u00e1 ubicado en el barrio de Palermo -Comuna 14- demarcado por la avenida Ortiz de Ocampo y las v\u00edas de los ferrocarriles San Mart\u00edn y Belgrano Norte. En el mismo sentido, tambi\u00e9n se busca la rezonificaci\u00f3n de la parcela delimitada por las avenidas Roosevelt y Triunvirato, la calle Bucarelli y las v\u00edas del ferrocarril Mitre, en Villa Urquiza -Comuna 12- donde funcionan canchas de f\u00fatbol para alquiler.<br \/>\nFinalmente, en Retiro -Comuna 1- se encuentra la quinta parcela afectada por el proyecto, ubicada entre las avenidas Del Libertador y Ramos Mej\u00eda, lindero a la terminal de trenes. Aqu\u00ed, la iniciativa detalla que de aprobarse la norma el tratamiento paisaj\u00edstico para la zona &quot;deber\u00e1 ser dise\u00f1ado para su integraci\u00f3n peatonal con la obra de superficie del Paseo del Bajo y la accesibilidad a la D\u00e1rsena Norte&quot;.La superficie edificable total es cercana a los 170.000 m2. Se prevee que consecuentemente el incremento en la valoraci\u00f3n de los predios permitir\u00e1 financiar obras p\u00fablicas como la construcci\u00f3n de los viaductos del Sistema de Red de Expresos Regionales -RER- impulsado por el gobierno nacional, al tiempo que fomentar\u00e1 el desarrollo de nuevas centralidades de escala barrial. Y adem\u00e1s, implicar\u00e1 una mejora en la calidad ambiental de las \u00e1reas donde hoy se produce congesti\u00f3n de tr\u00e1nsito.<br \/>\nEn los fundamentos del proyecto enviado por el Jefe de Gobierno se explica que &quot;el Estado Nacional, titular de los predios en cuesti\u00f3n, propicia la incorporaci\u00f3n de los inmuebles de su patrimonio que no resulten aptos para otros fines p\u00fablicos, a la planificaci\u00f3n, desarrollo y ejecuci\u00f3n de pol\u00edticas urbanas que permitan un adecuado y equilibrado desarrollo de las zonas metropolitanas, en forma conjunta y coordinada con las autoridades locales&quot;.mY agregan: &quot;Valorizar el suelo propio, promover desarrollos barriales en terrenos ociosos, permeabilizar las barreras urbanas generadas por grandes predios, por suelo vacante o por ejes ferroviarios, mejorar las condiciones del espacio p\u00fablico y del h\u00e1bitat, atraer poblaci\u00f3n y favorecer la accesibilidad por transporte p\u00fablico, constituyen algunos de los lineamientos estrat\u00e9gicos para la renovaci\u00f3n de sectores urbanos&quot;.<br \/>\nA la convocatoria de la Comisi\u00f3n de Planeamiento Urbano que preside Agust\u00edn Forchieri asistieron los vocales Daniel Presti (PRO), Maximiliano Ferraro (CC) y Adri\u00e1n Camps (PSA). Adem\u00e1s, estuvieron en el sal\u00f3n Ciudad de Montevideo la vicepresidenta primera de la Legislatura diputada Carmen Polledo, Daniel Del Sol y Paula Villalba (PRO). Tambi\u00e9n el vicepresidente de la Agencia de Administraci\u00f3n de Bienes del Estado &#8211; AABE, Pedro Mart\u00edn Com\u00edn Villanueva; el presidente de Autopistas Uurbanas SA, arquitecto Carlos Frugoni y el subsecretario de Planeamiento del GCABA, arquitecto Carlos Colombo. Seg\u00fan se adelant\u00f3, al expediente se incorporar\u00e1 en la pr\u00f3xima semana un convenio urban\u00edstico y ser\u00e1 analizado por la comisi\u00f3n parlamentaria dado que tiene preferencia para su tratamiento en la sesi\u00f3n ordinaria del pr\u00f3ximo 28 de septiembre. &lt;a&gt;<\/a><\/p>\n","protected":false},"excerpt":{"rendered":"<p>\u00a0 Funcionarios de los poderes ejecutivos de la Naci\u00f3n y Ciudad de Buenos Aires expusieron el pasado viernes ante la Comisi\u00f3n de Planeamiento Urbano de la Legislatura porte\u00f1a detalles de un proyecto de ley enviado por el Jefe de Gobierno, Horacio Rodr\u00edguez Larreta, que busca cambiar la zonificaci\u00f3n de cinco predios pertenecientes al Estado Nacional [&hellip;]<\/p>\n","protected":false},"author":1,"featured_media":8286,"comment_status":"open","ping_status":"open","sticky":false,"template":"","format":"standard","meta":{"_et_pb_use_builder":"","_et_pb_old_content":"","_et_gb_content_width":"","footnotes":""},"categories":[11,33],"tags":[],"class_list":["post-8285","post","type-post","status-publish","format-standard","has-post-thumbnail","hentry","category-ciudad","category-sociedad-y-cultura-2"],"_links":{"self":[{"href":"https:\/\/vocesdebaires.com.ar\/index.php\/wp-json\/wp\/v2\/posts\/8285"}],"collection":[{"href":"https:\/\/vocesdebaires.com.ar\/index.php\/wp-json\/wp\/v2\/posts"}],"about":[{"href":"https:\/\/vocesdebaires.com.ar\/index.php\/wp-json\/wp\/v2\/types\/post"}],"author":[{"embeddable":true,"href":"https:\/\/vocesdebaires.com.ar\/index.php\/wp-json\/wp\/v2\/users\/1"}],"replies":[{"embeddable":true,"href":"https:\/\/vocesdebaires.com.ar\/index.php\/wp-json\/wp\/v2\/comments?post=8285"}],"version-history":[{"count":0,"href":"https:\/\/vocesdebaires.com.ar\/index.php\/wp-json\/wp\/v2\/posts\/8285\/revisions"}],"wp:featuredmedia":[{"embeddable":true,"href":"https:\/\/vocesdebaires.com.ar\/index.php\/wp-json\/wp\/v2\/media\/8286"}],"wp:attachment":[{"href":"https:\/\/vocesdebaires.com.ar\/index.php\/wp-json\/wp\/v2\/media?parent=8285"}],"wp:term":[{"taxonomy":"category","embeddable":true,"href":"https:\/\/vocesdebaires.com.ar\/index.php\/wp-json\/wp\/v2\/categories?post=8285"},{"taxonomy":"post_tag","embeddable":true,"href":"https:\/\/vocesdebaires.com.ar\/index.php\/wp-json\/wp\/v2\/tags?post=8285"}],"curies":[{"name":"wp","href":"https:\/\/api.w.org\/{rel}","templated":true}]}}