{"id":8293,"date":"2017-09-19T03:00:00","date_gmt":"2017-09-19T06:00:00","guid":{"rendered":"http:\/\/vocesdebaires.com.ar\/wordpress\/index.php\/2017\/09\/19\/cambiemos-por-almirante-brown-y-lomas-de-zamora\/"},"modified":"2017-09-19T03:00:00","modified_gmt":"2017-09-19T06:00:00","slug":"cambiemos-por-almirante-brown-y-lomas-de-zamora","status":"publish","type":"post","link":"https:\/\/vocesdebaires.com.ar\/index.php\/2017\/09\/19\/cambiemos-por-almirante-brown-y-lomas-de-zamora\/","title":{"rendered":"Cambiemos: Por Almirante Brown y Lomas de Zamora"},"content":{"rendered":"<p>\u00a0<br \/>\nEl candidato a senador nacional Esteban Bullrich visit\u00f3\u00a0 ayer por la tarde Almirante Brown, donde destac\u00f3 que &quot;los vecinos ven el avance de las obras. Es importante marcar cuando se trabaja en equipo, que es lo que estamos haciendo, sabiendo que los fondos son de los bonaerenses\u201d. Por su parte, la candidata a diputada nacional Graciela Oca\u00f1a se\u00f1al\u00f3 que &quot;todav\u00eda hay argentinos que en el siglo XXI deben caminar siete cuadras para ir a buscar agua a una canilla p\u00fablica&quot; porque &quot;las obras que faltan est\u00e1n en los bolsos de L\u00f3pez y los bolsillos de , De Vido&quot;.<br \/>\nAdem\u00e1s, indic\u00f3 que \u201cpor eso el Presidente tom\u00f3 la enorme decisi\u00f3n de hacer las grandes obras que necesita la gente como la llegada de agua y cloacas que durante d\u00e9cadas fueron postergadas por los gobiernos anteriores&quot;.Durante una reuni\u00f3n que mantuvo con adultos mayores en un centro social de Merlo, la primera candidata a legisladora sostuvo que &quot;los votos son de la gente no le pertenecen a una fuerza pol\u00edtica o a un dirigente&quot; y agreg\u00f3 que &quot;como dice Mar\u00eda Eugenia, cuando uno comparte un problema, entre todos podemos encontrarle una soluci\u00f3n&quot;.En tanto, la segunda candidata a senadora Gladys Gonz\u00e1lez estuvo con j\u00f3venes del hogar Pueblo de La Paz en Lomas de Zamora, que est\u00e1n trabajando para recuperarse de distintas adicciones.<br \/>\n\u201cEs muy buena la contenci\u00f3n que se les da en esta casa y tambi\u00e9n la capacitaci\u00f3n en distintos oficios para que una vez terminado el tratamiento puedan reinsertarse en la vida laboral. Me emocion\u00f3 mucho haber compartido con este grupo de j\u00f3venes que te transmiten sus ganas de salir adelante\u201d, manifest\u00f3. Asimismo, consider\u00f3 que \u201ces muy importante que existan este tipo de instituciones y que desde el gobierno se apoyen estos programas de reinserci\u00f3n social para tantos j\u00f3venes de nuestra Provincia que sufren por las adicciones\u201d.<br \/>\nPor \u00faltimo, Guillermo Montenegro recorri\u00f3 el nuevo edificio del Centro Operativo Municipal de Berisso, que entrar\u00e1 en funcionamiento en los pr\u00f3ximos d\u00edas. El candidato a diputado destac\u00f3 la decisi\u00f3n de convertir un lugar que estaba en desuso en un Centro de Monitoreo de alta complejidad. \u201cEsto demuestra el compromiso\u00a0 que tiene la municipalidad de Berisso y el gobierno de Mar\u00eda Eugenia con los vecinos\u201d. \u201cAll\u00ed donde hab\u00eda un lugar abandonado nosotros estamos haciendo un centro para cuidado de los vecinos, adem\u00e1s de un centro de informaci\u00f3n para el funcionamiento del SAME local&quot;, dijo Montenegro.<\/p>\n","protected":false},"excerpt":{"rendered":"<p>\u00a0 El candidato a senador nacional Esteban Bullrich visit\u00f3\u00a0 ayer por la tarde Almirante Brown, donde destac\u00f3 que &quot;los vecinos ven el avance de las obras. Es importante marcar cuando se trabaja en equipo, que es lo que estamos haciendo, sabiendo que los fondos son de los bonaerenses\u201d. Por su parte, la candidata a diputada [&hellip;]<\/p>\n","protected":false},"author":1,"featured_media":8294,"comment_status":"open","ping_status":"open","sticky":false,"template":"","format":"standard","meta":{"_et_pb_use_builder":"","_et_pb_old_content":"","_et_gb_content_width":"","footnotes":""},"categories":[34,13],"tags":[],"class_list":["post-8293","post","type-post","status-publish","format-standard","has-post-thumbnail","hentry","category-politica","category-provincia"],"_links":{"self":[{"href":"https:\/\/vocesdebaires.com.ar\/index.php\/wp-json\/wp\/v2\/posts\/8293"}],"collection":[{"href":"https:\/\/vocesdebaires.com.ar\/index.php\/wp-json\/wp\/v2\/posts"}],"about":[{"href":"https:\/\/vocesdebaires.com.ar\/index.php\/wp-json\/wp\/v2\/types\/post"}],"author":[{"embeddable":true,"href":"https:\/\/vocesdebaires.com.ar\/index.php\/wp-json\/wp\/v2\/users\/1"}],"replies":[{"embeddable":true,"href":"https:\/\/vocesdebaires.com.ar\/index.php\/wp-json\/wp\/v2\/comments?post=8293"}],"version-history":[{"count":0,"href":"https:\/\/vocesdebaires.com.ar\/index.php\/wp-json\/wp\/v2\/posts\/8293\/revisions"}],"wp:featuredmedia":[{"embeddable":true,"href":"https:\/\/vocesdebaires.com.ar\/index.php\/wp-json\/wp\/v2\/media\/8294"}],"wp:attachment":[{"href":"https:\/\/vocesdebaires.com.ar\/index.php\/wp-json\/wp\/v2\/media?parent=8293"}],"wp:term":[{"taxonomy":"category","embeddable":true,"href":"https:\/\/vocesdebaires.com.ar\/index.php\/wp-json\/wp\/v2\/categories?post=8293"},{"taxonomy":"post_tag","embeddable":true,"href":"https:\/\/vocesdebaires.com.ar\/index.php\/wp-json\/wp\/v2\/tags?post=8293"}],"curies":[{"name":"wp","href":"https:\/\/api.w.org\/{rel}","templated":true}]}}