{"id":8299,"date":"2017-09-18T03:00:00","date_gmt":"2017-09-18T06:00:00","guid":{"rendered":"http:\/\/vocesdebaires.com.ar\/wordpress\/index.php\/2017\/09\/18\/caballito-viaje-al-pasado-en-el-tranvia\/"},"modified":"2017-09-18T03:00:00","modified_gmt":"2017-09-18T06:00:00","slug":"caballito-viaje-al-pasado-en-el-tranvia","status":"publish","type":"post","link":"https:\/\/vocesdebaires.com.ar\/index.php\/2017\/09\/18\/caballito-viaje-al-pasado-en-el-tranvia\/","title":{"rendered":"Caballito: Viaje al pasado en el tranv\u00eda"},"content":{"rendered":"<p>\u00a0<br \/>\nDejaron su marcha habitual por las calles de Buenos Aires en 1961, cuando fueron sustituidos por los colectivos. Los tranv\u00edas cruzaban la Ciudad sobre rieles montados sobre el asfalto alimentados por la electricidad de los cables a\u00e9reos y ten\u00edan el mismo n\u00famero que sus reemplazantes actuales. Uno de ellos, no obstante, se niega a desaparecer: el Tranv\u00eda Hist\u00f3rico que recorre dos kil\u00f3metros del barrio de Caballito los s\u00e1bados y domingos.El punto de encuentro es Emilio Mitre y Jos\u00e9 Bonifacio y las salidas son cada 20 minutos. A bordo todav\u00eda hay algunos pasajeros que pueden revivir im\u00e1genes de su infancia. Para los m\u00e1s j\u00f3venes, en cambio, es una oportunidad para hacer un viaje al pasado y descubrir a estos trenes del asfalto.<br \/>\nEl trayecto cruza el Barrio Ingl\u00e9s que abarca seis manzanas ubicadas entre Pedro Goyena, Valle, Emilio Mitre y Del Barco Centenera en el barrio Caballito. Las construcciones de estilo anglosaj\u00f3n datan de principios de siglo XX. Las calles empedradas y la quietud que reina en el pintoresco barrio contrastan con el hervidero del centro comercial que a pocas cuadras convoca a miles de personas. Este espacio est\u00e1 protegido por una ordenanza del Gobierno de la Ciudad con el fin de conservar aquel estilo. Las fachadas no pueden modificarse y, en caso de querer construir en altura, el segundo piso no debe ser visible desde el frente. El Tranv\u00eda Hist\u00f3rico fue declarado uno de los hitos m\u00e1s importantes del sector en el mundo por la revista inglesa Tramways &amp; Urban Transit.<br \/>\nHorarios<br \/>\nDe marzo a noviembre: s\u00e1bados y feriados de 16 a 19.30 y domingos de 10 a 13 y 16 a 19.30.De diciembre a febrero: s\u00e1bados y feriados de 17 a 20.30 y domingos de 10 a 13 y 17 a 20.30.<br \/>\nArchivo GCBA<\/p>\n","protected":false},"excerpt":{"rendered":"<p>\u00a0 Dejaron su marcha habitual por las calles de Buenos Aires en 1961, cuando fueron sustituidos por los colectivos. Los tranv\u00edas cruzaban la Ciudad sobre rieles montados sobre el asfalto alimentados por la electricidad de los cables a\u00e9reos y ten\u00edan el mismo n\u00famero que sus reemplazantes actuales. Uno de ellos, no obstante, se niega a [&hellip;]<\/p>\n","protected":false},"author":1,"featured_media":0,"comment_status":"open","ping_status":"open","sticky":false,"template":"","format":"standard","meta":{"_et_pb_use_builder":"","_et_pb_old_content":"","_et_gb_content_width":"","footnotes":""},"categories":[11,32],"tags":[],"class_list":["post-8299","post","type-post","status-publish","format-standard","hentry","category-ciudad","category-comunas"],"_links":{"self":[{"href":"https:\/\/vocesdebaires.com.ar\/index.php\/wp-json\/wp\/v2\/posts\/8299"}],"collection":[{"href":"https:\/\/vocesdebaires.com.ar\/index.php\/wp-json\/wp\/v2\/posts"}],"about":[{"href":"https:\/\/vocesdebaires.com.ar\/index.php\/wp-json\/wp\/v2\/types\/post"}],"author":[{"embeddable":true,"href":"https:\/\/vocesdebaires.com.ar\/index.php\/wp-json\/wp\/v2\/users\/1"}],"replies":[{"embeddable":true,"href":"https:\/\/vocesdebaires.com.ar\/index.php\/wp-json\/wp\/v2\/comments?post=8299"}],"version-history":[{"count":0,"href":"https:\/\/vocesdebaires.com.ar\/index.php\/wp-json\/wp\/v2\/posts\/8299\/revisions"}],"wp:attachment":[{"href":"https:\/\/vocesdebaires.com.ar\/index.php\/wp-json\/wp\/v2\/media?parent=8299"}],"wp:term":[{"taxonomy":"category","embeddable":true,"href":"https:\/\/vocesdebaires.com.ar\/index.php\/wp-json\/wp\/v2\/categories?post=8299"},{"taxonomy":"post_tag","embeddable":true,"href":"https:\/\/vocesdebaires.com.ar\/index.php\/wp-json\/wp\/v2\/tags?post=8299"}],"curies":[{"name":"wp","href":"https:\/\/api.w.org\/{rel}","templated":true}]}}