{"id":8306,"date":"2017-09-18T03:00:00","date_gmt":"2017-09-18T06:00:00","guid":{"rendered":"http:\/\/vocesdebaires.com.ar\/wordpress\/index.php\/2017\/09\/18\/cambiemos-timbreo-de-campana-a-octubre\/"},"modified":"2017-09-18T03:00:00","modified_gmt":"2017-09-18T06:00:00","slug":"cambiemos-timbreo-de-campana-a-octubre","status":"publish","type":"post","link":"https:\/\/vocesdebaires.com.ar\/index.php\/2017\/09\/18\/cambiemos-timbreo-de-campana-a-octubre\/","title":{"rendered":"Cambiemos: Timbreo de campa\u00f1a a octubre"},"content":{"rendered":"<p>\u00a0<br \/>\nLa gobernadora de Buenos Aires, Mar\u00eda Eugenia Vidal, y los candidatos de Cambiemos que lideran Esteban Bullrich (a senador Nacional) y Graciela Oca\u00f1a (a diputada Nacional) encabezaron este fin de semana un timbreo que se extendi\u00f3 a lo largo de toda la provincia.Vidal camin\u00f3 por Parque Luro en Mar del Plata, mientras que Bullrich estuvo en el barrio Santa Silvia de Merlo y Oca\u00f1a en Barrio Santa Adela de Longchamps.  Por su parte, Gladys Gonzalez recorri\u00f3 su ciudad natal, Bol\u00edvar; Toty Flores visit\u00f3 Hurlingham; y Guillermo Montenegro Benavidez, Tigre. Del timbreo participaron candidatos, ministros, legisladores, funcionarios y militantes de Cambiemos.<\/p>\n","protected":false},"excerpt":{"rendered":"<p>\u00a0 La gobernadora de Buenos Aires, Mar\u00eda Eugenia Vidal, y los candidatos de Cambiemos que lideran Esteban Bullrich (a senador Nacional) y Graciela Oca\u00f1a (a diputada Nacional) encabezaron este fin de semana un timbreo que se extendi\u00f3 a lo largo de toda la provincia.Vidal camin\u00f3 por Parque Luro en Mar del Plata, mientras que Bullrich [&hellip;]<\/p>\n","protected":false},"author":1,"featured_media":8307,"comment_status":"open","ping_status":"open","sticky":false,"template":"","format":"standard","meta":{"_et_pb_use_builder":"","_et_pb_old_content":"","_et_gb_content_width":"","footnotes":""},"categories":[35,13],"tags":[],"class_list":["post-8306","post","type-post","status-publish","format-standard","has-post-thumbnail","hentry","category-gobierno","category-provincia"],"_links":{"self":[{"href":"https:\/\/vocesdebaires.com.ar\/index.php\/wp-json\/wp\/v2\/posts\/8306"}],"collection":[{"href":"https:\/\/vocesdebaires.com.ar\/index.php\/wp-json\/wp\/v2\/posts"}],"about":[{"href":"https:\/\/vocesdebaires.com.ar\/index.php\/wp-json\/wp\/v2\/types\/post"}],"author":[{"embeddable":true,"href":"https:\/\/vocesdebaires.com.ar\/index.php\/wp-json\/wp\/v2\/users\/1"}],"replies":[{"embeddable":true,"href":"https:\/\/vocesdebaires.com.ar\/index.php\/wp-json\/wp\/v2\/comments?post=8306"}],"version-history":[{"count":0,"href":"https:\/\/vocesdebaires.com.ar\/index.php\/wp-json\/wp\/v2\/posts\/8306\/revisions"}],"wp:featuredmedia":[{"embeddable":true,"href":"https:\/\/vocesdebaires.com.ar\/index.php\/wp-json\/wp\/v2\/media\/8307"}],"wp:attachment":[{"href":"https:\/\/vocesdebaires.com.ar\/index.php\/wp-json\/wp\/v2\/media?parent=8306"}],"wp:term":[{"taxonomy":"category","embeddable":true,"href":"https:\/\/vocesdebaires.com.ar\/index.php\/wp-json\/wp\/v2\/categories?post=8306"},{"taxonomy":"post_tag","embeddable":true,"href":"https:\/\/vocesdebaires.com.ar\/index.php\/wp-json\/wp\/v2\/tags?post=8306"}],"curies":[{"name":"wp","href":"https:\/\/api.w.org\/{rel}","templated":true}]}}