{"id":8308,"date":"2017-09-18T03:00:00","date_gmt":"2017-09-18T06:00:00","guid":{"rendered":"http:\/\/vocesdebaires.com.ar\/wordpress\/index.php\/2017\/09\/18\/ritondo-visito-las-ciudades-de-tandil-necochea\/"},"modified":"2017-09-18T03:00:00","modified_gmt":"2017-09-18T06:00:00","slug":"ritondo-visito-las-ciudades-de-tandil-necochea","status":"publish","type":"post","link":"https:\/\/vocesdebaires.com.ar\/index.php\/2017\/09\/18\/ritondo-visito-las-ciudades-de-tandil-necochea\/","title":{"rendered":"Ritondo, visit\u00f3 las ciudades de Tandil, Necochea"},"content":{"rendered":"<p>\u00a0<br \/>\nEl anuncio lo realiz\u00f3 durante la entrega que realiz\u00f3 de m\u00f3viles cero kilometro a la ciudad balnearia junto al intendente municipal, Carlos Arroyo y all\u00ed destac\u00f3 que \u201ceste trabajo ha tenido una gran inversi\u00f3n por parte de la Provincia de Buenos Aires\u00a0 y ha sido un pedido especial de la Gobernadora Vidal&quot;. El ministro de Seguridad de la provincia de Buenos Aires, Cristian Ritondo, visit\u00f3 las ciudades de Tandil, Necochea y Mar del Plata, donde entreg\u00f3 m\u00f3viles 0 kil\u00f3metro a la Polic\u00eda para fortalecer los patrullajes en esos distritos del interior provincial.<br \/>\n\u201cCuando asumimos supe que la provincia de Buenos Aires no contaba con comunicaci\u00f3n encriptada. Comenzamos un gran trabajo\u00a0 y\u00a0 hoy Mar del Plata tiene las comunicaciones policiales encriptadas, lo que hace a un trabajo m\u00e1s eficiente de la polic\u00eda de la provincia,\u00a0 pero tambi\u00e9n que los delincuentes no tengan la frecuencia con la que trabaja la polic\u00eda\u201d, destac\u00f3 el titular de la cartera de Seguridad Provincial. Durante la ma\u00f1ana en la entrega de patrulleros,\u00a0 junto a su par de Agroindustria, Leonardo Sarquis y al Intendente de Tandil, Miguel \u00c1ngel Lunghi, sostuv\u00f3 que \u201cEl trabajo que venimos haciendo y las luchas contra las mafias que enfrentamos con la gobernadora Mar\u00eda Eugenia Vidal no hace m\u00e1s que apoyarse en el reclamo que ten\u00eda esta sociedad\u201d.<br \/>\nLuego en\u00a0 Necochea\u00a0 Ritondo en compa\u00f1\u00eda del secretario de Gobierno de este distrito, Diego L\u00f3pez Rodr\u00edguez; en representaci\u00f3n del jefe comunal, Facundo L\u00f3pez; entreg\u00f3 las flamantes unidades a la fuerza provincial.All\u00ed, el ministro recalc\u00f3: \u201centenderemos una sola pol\u00edtica para los 135 distritos de la Provincia, que es la de trabajar en forma conjunta porque s\u00f3lo de esa podemos darle batalla al delito y a las mafias&quot; De la jornada de trabajo participaron tambi\u00e9n funcionarios del Ministerio de Seguridad, y autoridades policiales y de cada municipio<br \/>\nfotos: Ministerio de Seguridad de la Provincia de Buenos Aires<\/p>\n","protected":false},"excerpt":{"rendered":"<p>\u00a0 El anuncio lo realiz\u00f3 durante la entrega que realiz\u00f3 de m\u00f3viles cero kilometro a la ciudad balnearia junto al intendente municipal, Carlos Arroyo y all\u00ed destac\u00f3 que \u201ceste trabajo ha tenido una gran inversi\u00f3n por parte de la Provincia de Buenos Aires\u00a0 y ha sido un pedido especial de la Gobernadora Vidal&quot;. El ministro [&hellip;]<\/p>\n","protected":false},"author":1,"featured_media":8309,"comment_status":"open","ping_status":"open","sticky":false,"template":"","format":"standard","meta":{"_et_pb_use_builder":"","_et_pb_old_content":"","_et_gb_content_width":"","footnotes":""},"categories":[34,13],"tags":[],"class_list":["post-8308","post","type-post","status-publish","format-standard","has-post-thumbnail","hentry","category-politica","category-provincia"],"_links":{"self":[{"href":"https:\/\/vocesdebaires.com.ar\/index.php\/wp-json\/wp\/v2\/posts\/8308"}],"collection":[{"href":"https:\/\/vocesdebaires.com.ar\/index.php\/wp-json\/wp\/v2\/posts"}],"about":[{"href":"https:\/\/vocesdebaires.com.ar\/index.php\/wp-json\/wp\/v2\/types\/post"}],"author":[{"embeddable":true,"href":"https:\/\/vocesdebaires.com.ar\/index.php\/wp-json\/wp\/v2\/users\/1"}],"replies":[{"embeddable":true,"href":"https:\/\/vocesdebaires.com.ar\/index.php\/wp-json\/wp\/v2\/comments?post=8308"}],"version-history":[{"count":0,"href":"https:\/\/vocesdebaires.com.ar\/index.php\/wp-json\/wp\/v2\/posts\/8308\/revisions"}],"wp:featuredmedia":[{"embeddable":true,"href":"https:\/\/vocesdebaires.com.ar\/index.php\/wp-json\/wp\/v2\/media\/8309"}],"wp:attachment":[{"href":"https:\/\/vocesdebaires.com.ar\/index.php\/wp-json\/wp\/v2\/media?parent=8308"}],"wp:term":[{"taxonomy":"category","embeddable":true,"href":"https:\/\/vocesdebaires.com.ar\/index.php\/wp-json\/wp\/v2\/categories?post=8308"},{"taxonomy":"post_tag","embeddable":true,"href":"https:\/\/vocesdebaires.com.ar\/index.php\/wp-json\/wp\/v2\/tags?post=8308"}],"curies":[{"name":"wp","href":"https:\/\/api.w.org\/{rel}","templated":true}]}}