{"id":8316,"date":"2017-09-15T03:00:00","date_gmt":"2017-09-15T06:00:00","guid":{"rendered":"http:\/\/vocesdebaires.com.ar\/wordpress\/index.php\/2017\/09\/15\/toma-de-escuelas-piden-informes-al-ejecutivo\/"},"modified":"2017-09-15T03:00:00","modified_gmt":"2017-09-15T06:00:00","slug":"toma-de-escuelas-piden-informes-al-ejecutivo","status":"publish","type":"post","link":"https:\/\/vocesdebaires.com.ar\/index.php\/2017\/09\/15\/toma-de-escuelas-piden-informes-al-ejecutivo\/","title":{"rendered":"Toma de escuelas piden informes al Ejecutivo"},"content":{"rendered":"<p>\u00a0<br \/>\nEl Poder Ejecutivo de la Ciudad Aut\u00f3noma de Buenos Aires deber\u00e1 responder al Cuerpo parlamentario, a trav\u00e9s de los organismos correspondientes y dentro de los 30 d\u00edas, tres preguntas relacionadas con el &quot;Instructivo sobre forma de proceder en caso de toma de establecimientos educativos&quot; que se atribuye al Ministerio de Educaci\u00f3n.Los legisladores solicitan que &quot;Ratifique o rectifique la emisi\u00f3n del Instructivo de la referencia cuyo texto obra en el Oficio ACCAyT N\u00b0 1 N\u00b0 1.268\/17 (de fecha 08\/09\/2017) cursado por la Asesor\u00eda Tutelar N\u00b0 1 ante la C\u00e1mara de Apelaciones en lo Contencioso Administrativo Tributario de esta Ciudad&quot;.<br \/>\nAdem\u00e1s, de ratificar la existencia de ese documento, deber\u00e1 remitir &quot;el Acto Administrativo que lo aprueba y copia \u00edntegra del expediente en que fue emitido&quot;.Finalmente, en caso de negar la existencia del documento referido se solicita &quot;copia del protocolo vigente, si existiera uno, para casos de toma de establecimientos educativos, acto administrativo que lo aprueba y copia \u00edntegra del expediente en que fue emitido&quot;.<br \/>\nLa resoluci\u00f3n fue aprobada en la sesi\u00f3n ordinaria de este jueves sobre tablas, con texto consensuado y a mano alzada a partir de los expedientes presentados por Andrea Conde acompa\u00f1ada por Jos\u00e9 Cruz Campagnoli, Magdalena Tiesso y Carlos Tomada (FpV); Mar\u00eda Rosa Mui\u00f1os (BP) y Gabriel Fuks (CNM). El instructivo en cuesti\u00f3n ha provocado reacciones de diversos sectores de la sociedad entre otros el Consejo de Ni\u00f1os y Ni\u00f1as y Adolescentes y el Ministerio P\u00fablico Tutelar, \u00f3rgano del Poder Judicial de la Ciudad de Buenos Aires.<\/p>\n","protected":false},"excerpt":{"rendered":"<p>\u00a0 El Poder Ejecutivo de la Ciudad Aut\u00f3noma de Buenos Aires deber\u00e1 responder al Cuerpo parlamentario, a trav\u00e9s de los organismos correspondientes y dentro de los 30 d\u00edas, tres preguntas relacionadas con el &quot;Instructivo sobre forma de proceder en caso de toma de establecimientos educativos&quot; que se atribuye al Ministerio de Educaci\u00f3n.Los legisladores solicitan que [&hellip;]<\/p>\n","protected":false},"author":1,"featured_media":8317,"comment_status":"open","ping_status":"open","sticky":false,"template":"","format":"standard","meta":{"_et_pb_use_builder":"","_et_pb_old_content":"","_et_gb_content_width":"","footnotes":""},"categories":[11,33],"tags":[],"class_list":["post-8316","post","type-post","status-publish","format-standard","has-post-thumbnail","hentry","category-ciudad","category-sociedad-y-cultura-2"],"_links":{"self":[{"href":"https:\/\/vocesdebaires.com.ar\/index.php\/wp-json\/wp\/v2\/posts\/8316"}],"collection":[{"href":"https:\/\/vocesdebaires.com.ar\/index.php\/wp-json\/wp\/v2\/posts"}],"about":[{"href":"https:\/\/vocesdebaires.com.ar\/index.php\/wp-json\/wp\/v2\/types\/post"}],"author":[{"embeddable":true,"href":"https:\/\/vocesdebaires.com.ar\/index.php\/wp-json\/wp\/v2\/users\/1"}],"replies":[{"embeddable":true,"href":"https:\/\/vocesdebaires.com.ar\/index.php\/wp-json\/wp\/v2\/comments?post=8316"}],"version-history":[{"count":0,"href":"https:\/\/vocesdebaires.com.ar\/index.php\/wp-json\/wp\/v2\/posts\/8316\/revisions"}],"wp:featuredmedia":[{"embeddable":true,"href":"https:\/\/vocesdebaires.com.ar\/index.php\/wp-json\/wp\/v2\/media\/8317"}],"wp:attachment":[{"href":"https:\/\/vocesdebaires.com.ar\/index.php\/wp-json\/wp\/v2\/media?parent=8316"}],"wp:term":[{"taxonomy":"category","embeddable":true,"href":"https:\/\/vocesdebaires.com.ar\/index.php\/wp-json\/wp\/v2\/categories?post=8316"},{"taxonomy":"post_tag","embeddable":true,"href":"https:\/\/vocesdebaires.com.ar\/index.php\/wp-json\/wp\/v2\/tags?post=8316"}],"curies":[{"name":"wp","href":"https:\/\/api.w.org\/{rel}","templated":true}]}}