{"id":8318,"date":"2017-09-15T03:00:00","date_gmt":"2017-09-15T06:00:00","guid":{"rendered":"http:\/\/vocesdebaires.com.ar\/wordpress\/index.php\/2017\/09\/15\/buenos-aires-instauran-semana-del-diseno\/"},"modified":"2017-09-15T03:00:00","modified_gmt":"2017-09-15T06:00:00","slug":"buenos-aires-instauran-semana-del-diseno","status":"publish","type":"post","link":"https:\/\/vocesdebaires.com.ar\/index.php\/2017\/09\/15\/buenos-aires-instauran-semana-del-diseno\/","title":{"rendered":"Buenos Aires: Instauran Semana del Dise\u00f1o"},"content":{"rendered":"<p>\u00a0<br \/>\nLa segunda semana de octubre de cada a\u00f1o fue establecida ayer\u00a0 por ley como la \u201cSemana del Dise\u00f1o\u201d. El Gobierno de la Ciudad Aut\u00f3noma de Buenos Aires deber\u00e1 realizar en esos d\u00edas &quot;acciones tendientes a promover el Dise\u00f1o en todas sus disciplinas&quot;. La sanci\u00f3n se produjo sobre un despacho de la Comisi\u00f3n de Desarrollo Econ\u00f3mico, MerCoSur y Pol\u00edticas de Empleo al que adhiri\u00f3 su par de Presupuesto a partir de un proyecto cuya autor\u00eda es de los diputados Natalia Persini y Francisco Quintana (PRO).<br \/>\nLa aprobaci\u00f3n se dio por 54 y la abstenci\u00f3n de Fernando Vilardo (AyL). Buenos Aires es internacionalmente reconocida por su creatividad al punto que la UNESCO la declar\u00f3 una de las primeras Ciudades Creativas del mundo y es considerada la mejor de Am\u00e9rica Latina por su capacidad de gesti\u00f3n de talento, seg\u00fan el \u00cdndice Global de Competitividad de Talentos.En 2016 el Gobierno porte\u00f1o decidi\u00f3 otorgar al Dise\u00f1o un espacio dentro de la agenda oficial de conmemoraciones con el prop\u00f3sito de concentrar, promover y poner en valor todas las ramas \u2013p\u00fablicas, privadas, acad\u00e9micas y de la sociedad civil en su conjunto- afines. Del 23 al 29 de octubre de ese a\u00f1o fue celebrada por primera vez la \u201cSemana del Dise\u00f1o de Buenos Aires\u201d.<br \/>\nSe agruparon las iniciativas m\u00e1s prestigiosas sumando actividades en centros culturales, exposiciones, muestras, desfiles y conferencias, replicando las experiencias exitosas de otras \u201cSemanas del Dise\u00f1o\u201d del mundo como las de Londres, Par\u00eds, Barcelona, Tokio, M\u00e9xico D.F. o San Pablo. La norma sancionada ayer procura que las actividades comprendidas funcionen como un polo de atracci\u00f3n que permita interesar a un p\u00fablico diverso y sus respectivos intereses con impacto positivo para el desarrollo econ\u00f3mico local.<\/p>\n","protected":false},"excerpt":{"rendered":"<p>\u00a0 La segunda semana de octubre de cada a\u00f1o fue establecida ayer\u00a0 por ley como la \u201cSemana del Dise\u00f1o\u201d. El Gobierno de la Ciudad Aut\u00f3noma de Buenos Aires deber\u00e1 realizar en esos d\u00edas &quot;acciones tendientes a promover el Dise\u00f1o en todas sus disciplinas&quot;. La sanci\u00f3n se produjo sobre un despacho de la Comisi\u00f3n de Desarrollo [&hellip;]<\/p>\n","protected":false},"author":1,"featured_media":8319,"comment_status":"open","ping_status":"open","sticky":false,"template":"","format":"standard","meta":{"_et_pb_use_builder":"","_et_pb_old_content":"","_et_gb_content_width":"","footnotes":""},"categories":[11,33],"tags":[],"class_list":["post-8318","post","type-post","status-publish","format-standard","has-post-thumbnail","hentry","category-ciudad","category-sociedad-y-cultura-2"],"_links":{"self":[{"href":"https:\/\/vocesdebaires.com.ar\/index.php\/wp-json\/wp\/v2\/posts\/8318"}],"collection":[{"href":"https:\/\/vocesdebaires.com.ar\/index.php\/wp-json\/wp\/v2\/posts"}],"about":[{"href":"https:\/\/vocesdebaires.com.ar\/index.php\/wp-json\/wp\/v2\/types\/post"}],"author":[{"embeddable":true,"href":"https:\/\/vocesdebaires.com.ar\/index.php\/wp-json\/wp\/v2\/users\/1"}],"replies":[{"embeddable":true,"href":"https:\/\/vocesdebaires.com.ar\/index.php\/wp-json\/wp\/v2\/comments?post=8318"}],"version-history":[{"count":0,"href":"https:\/\/vocesdebaires.com.ar\/index.php\/wp-json\/wp\/v2\/posts\/8318\/revisions"}],"wp:featuredmedia":[{"embeddable":true,"href":"https:\/\/vocesdebaires.com.ar\/index.php\/wp-json\/wp\/v2\/media\/8319"}],"wp:attachment":[{"href":"https:\/\/vocesdebaires.com.ar\/index.php\/wp-json\/wp\/v2\/media?parent=8318"}],"wp:term":[{"taxonomy":"category","embeddable":true,"href":"https:\/\/vocesdebaires.com.ar\/index.php\/wp-json\/wp\/v2\/categories?post=8318"},{"taxonomy":"post_tag","embeddable":true,"href":"https:\/\/vocesdebaires.com.ar\/index.php\/wp-json\/wp\/v2\/tags?post=8318"}],"curies":[{"name":"wp","href":"https:\/\/api.w.org\/{rel}","templated":true}]}}