{"id":8329,"date":"2017-09-14T03:00:00","date_gmt":"2017-09-14T06:00:00","guid":{"rendered":"http:\/\/vocesdebaires.com.ar\/wordpress\/index.php\/2017\/09\/14\/cine-el-plata-avanza-la-causa-judicial\/"},"modified":"2017-09-14T03:00:00","modified_gmt":"2017-09-14T06:00:00","slug":"cine-el-plata-avanza-la-causa-judicial","status":"publish","type":"post","link":"https:\/\/vocesdebaires.com.ar\/index.php\/2017\/09\/14\/cine-el-plata-avanza-la-causa-judicial\/","title":{"rendered":"Cine el Plata: Avanza la causa judicial"},"content":{"rendered":"<p>\u00a0<br \/>\nEl juzgado donde qued\u00f3 radicada la causa solicit\u00f3 el traslado de la misma, lo que significa que acept\u00f3 a los vecinos como actores en esta nueva presentaci\u00f3n judicial. Se trata de un reconocimiento a la Coordinadora Vecinal en su condici\u00f3n de litigante.Por otro lado, la Defensor\u00eda del Pueblo, con la firma de Alejandro Amor, resolvi\u00f3 reclamar al Ministerio de Desarrollo Urbano, al Ministerio de Cultura y a la Direcci\u00f3n de Museos, que tomen intervenci\u00f3n y dispongan con urgencia las medidas tendientes a reiniciar las obras para la recuperaci\u00f3n, puesta en valor y remodelaci\u00f3n integral del Centro Cultural.Recordemos que, en 2013 nos presentamos en la Justicia y logramos que el Gobierno de la Ciudad reactive las obras de recuperaci\u00f3n del Cine El Plata para reinaugurarlo como un Centro Cultural.<br \/>\nSin embargo, la empresa licitante realiz\u00f3 menos de la mitad del trabajo y en octubre del 2015 se retir\u00f3 y las dos microsalas, que ven\u00edan funcionando irregularmente y con un contenido pobre, fueron clausuradas. En agosto de este a\u00f1o, luego de dos a\u00f1os de deterioro del edificio, los vecinos de la Coordinadora En Defensa del Cine El Plata nos volvimos a presentar en la Justicia, solicitamos que se ejecute la sentencia del a\u00f1o 2013 y que se sancione a los funcionarios correspondientes por el atraso en la obra. Tanto el avance en la causa, como la resoluci\u00f3n de la Defensor\u00eda, se nutren una con otra para obligar al Gobierno de la Ciudad a que de una vez culminen las obras y se reabra nuestro Centro Cultural.<\/p>\n","protected":false},"excerpt":{"rendered":"<p>\u00a0 El juzgado donde qued\u00f3 radicada la causa solicit\u00f3 el traslado de la misma, lo que significa que acept\u00f3 a los vecinos como actores en esta nueva presentaci\u00f3n judicial. Se trata de un reconocimiento a la Coordinadora Vecinal en su condici\u00f3n de litigante.Por otro lado, la Defensor\u00eda del Pueblo, con la firma de Alejandro Amor, [&hellip;]<\/p>\n","protected":false},"author":1,"featured_media":8330,"comment_status":"open","ping_status":"open","sticky":false,"template":"","format":"standard","meta":{"_et_pb_use_builder":"","_et_pb_old_content":"","_et_gb_content_width":"","footnotes":""},"categories":[11,33],"tags":[],"class_list":["post-8329","post","type-post","status-publish","format-standard","has-post-thumbnail","hentry","category-ciudad","category-sociedad-y-cultura-2"],"_links":{"self":[{"href":"https:\/\/vocesdebaires.com.ar\/index.php\/wp-json\/wp\/v2\/posts\/8329"}],"collection":[{"href":"https:\/\/vocesdebaires.com.ar\/index.php\/wp-json\/wp\/v2\/posts"}],"about":[{"href":"https:\/\/vocesdebaires.com.ar\/index.php\/wp-json\/wp\/v2\/types\/post"}],"author":[{"embeddable":true,"href":"https:\/\/vocesdebaires.com.ar\/index.php\/wp-json\/wp\/v2\/users\/1"}],"replies":[{"embeddable":true,"href":"https:\/\/vocesdebaires.com.ar\/index.php\/wp-json\/wp\/v2\/comments?post=8329"}],"version-history":[{"count":0,"href":"https:\/\/vocesdebaires.com.ar\/index.php\/wp-json\/wp\/v2\/posts\/8329\/revisions"}],"wp:featuredmedia":[{"embeddable":true,"href":"https:\/\/vocesdebaires.com.ar\/index.php\/wp-json\/wp\/v2\/media\/8330"}],"wp:attachment":[{"href":"https:\/\/vocesdebaires.com.ar\/index.php\/wp-json\/wp\/v2\/media?parent=8329"}],"wp:term":[{"taxonomy":"category","embeddable":true,"href":"https:\/\/vocesdebaires.com.ar\/index.php\/wp-json\/wp\/v2\/categories?post=8329"},{"taxonomy":"post_tag","embeddable":true,"href":"https:\/\/vocesdebaires.com.ar\/index.php\/wp-json\/wp\/v2\/tags?post=8329"}],"curies":[{"name":"wp","href":"https:\/\/api.w.org\/{rel}","templated":true}]}}