{"id":833,"date":"2020-04-14T03:00:00","date_gmt":"2020-04-14T06:00:00","guid":{"rendered":"http:\/\/vocesdebaires.com.ar\/wordpress\/index.php\/2020\/04\/14\/larreta-brindo-detalles-y-extension-de-cuarentena\/"},"modified":"2020-04-14T03:00:00","modified_gmt":"2020-04-14T06:00:00","slug":"larreta-brindo-detalles-y-extension-de-cuarentena","status":"publish","type":"post","link":"https:\/\/vocesdebaires.com.ar\/index.php\/2020\/04\/14\/larreta-brindo-detalles-y-extension-de-cuarentena\/","title":{"rendered":"Larreta brind\u00f3 detalles y extensi\u00f3n de cuarentena"},"content":{"rendered":"<p>El jefe de Gobierno porte\u00f1o, Horacio Rodr\u00edguez Larreta, brind\u00f3 detalles sobre la extensi\u00f3n del aislamiento social, preventivo y obligatorio hasta el 26 de abril, en el marco del coronavirus, y anunci\u00f3 que los trenes, subtes y colectivos retoman su funcionamiento habitual, que a partir del mi\u00e9rcoles el uso de tapabocas ser\u00e1 obligatorio en comercios, en dependencias de atenci\u00f3n al p\u00fablico p\u00fablicas o privadas, y en el transporte p\u00fablico, y que no est\u00e1 permitido salir a correr.<\/p>\n<p>\u201cA partir del anuncio del Presidente del otro d\u00eda, nosotros confirmamos en la Ciudad que no vamos a flexibilizar la cuarentena, que hay que quedarse en casa. Cuanto m\u00e1s estrictos seamos hoy, m\u00e1s r\u00e1pido se va a poder salir despu\u00e9s. Especialmente con el tema del cuidado de nuestros adultos mayores\u201d, sostuvo Rodr\u00edguez Larreta. El Jefe de Gobierno aclar\u00f3 que \u201cen la Ciudad no se puede salir a correr o hacer ejercicio f\u00edsico\u201d y explic\u00f3 que \u201ccon la densidad que tiene Buenos Aires es imposible controlar que la gente est\u00e9 alrededor de su casa\u201d.<\/p>\n<p>A su vez, anunci\u00f3 que \u201ca partir de las 0 del mi\u00e9rcoles, va a ser obligatorio el uso de tapabocas para todos los que anden en el transporte p\u00fablico y para todos aquellos que est\u00e9n en posiciones de atenci\u00f3n al p\u00fablico, en las actividades que ya est\u00e1n exceptuadas\u201d. \u201cEsto parte de la comprobaci\u00f3n de que dos de cada tres personas que se contagian el coronavirus no presentan s\u00edntomas\u201d. Adem\u00e1s se recomienda el uso de tapabocas como medida de prevenci\u00f3n en cualquier otro \u00e1mbito o lugar.Para esto sirve cualquier elemento que pueda cubrir boca, nariz y ment\u00f3n de fabricaci\u00f3n casera con pa\u00f1uelos y telas, ni m\u00e1scaras ni barbijos. No es obligatorio para circular de a pie ni en veh\u00edculos particulares, pero s\u00ed recomendado.<\/p>\n<p>Para quienes no respetan esta medida habr\u00e1 sanciones de entre $10.700 a $79.180 y\/o clausura y\/o inhabilitaci\u00f3n. En esa l\u00ednea, Rodr\u00edguez Larreta comunic\u00f3 que \u201dla venta de barbijos N95, que es el m\u00e1s tradicional para el uso del sistema de salud, va a estar prohibida para los que no formen parte de ese sistema\u201d. Tambi\u00e9n anunci\u00f3 que a partir de este lunes 13 de abril hay \u201cm\u00e1s frecuencia en el transporte p\u00fablico\u201d y que \u201cel esp\u00edritu de esta medida es que la gente que viaja, viaje preservando mejor la distancia social, manteniendo el criterio de que puede entrar en cada vag\u00f3n tanta gente como quepa sentada\u201d. Los taxis y remises seguir\u00e1n funcionando normalmente, y todos los ocupantes deber\u00e1n usar tapabocas, y los pasajeros deben viajar en el asiento de atr\u00e1s. Adem\u00e1s, se recomienda tener las ventanillas bajas.<\/p>\n<p>En cuanto a los veh\u00edculos particulares y motos, s\u00f3lo pueden circular las personas que cumplan una tarea esencial y tengan su permiso actualizado. Estuvieron presentes en la conferencia el vicejefe y ministro de Justicia y Seguridad, Diego Santilli; el jefe de Gabinete, Felipe Miguel; el ministro de Salud, Fern\u00e1n Quir\u00f3s, y el secretario de Transporte y Obras P\u00fablicas, Juan Jos\u00e9 Mendez.Por su parte, Santilli inform\u00f3 que \u201ceste fin de semana, salvo el s\u00e1bado a la ma\u00f1ana, ha sido una semana santa en la que la movilidad ha ca\u00eddo\u201d, y precis\u00f3: \u201cEstamos en valores del 1% de utilizaci\u00f3n del subte y 3 o 4% de utilizaci\u00f3n de trenes\u201d.<\/p>\n<p>Con respecto al decreto que entrar\u00e1 en vigencia el mi\u00e9rcoles, reiter\u00f3: \u00abLas personas que van a usar el transporte p\u00fablico tienen que taparse la boca. El que va a comprar o vender en un comercio tiene que taparse la boca\u00bb. Por otro lado, Mendez se\u00f1al\u00f3 que \u201clo que estamos haciendo a partir de hoy es dar oferta de d\u00eda h\u00e1bil, que es la mayor oferta que puede tener el transporte p\u00fablico para garantizar el distanciamiento social a todos los usuarios y usuarias en estos d\u00edas\u201d. Asimismo, inform\u00f3 que \u201cen 500 puntos de la Ciudad, aquellas paradas que en general congregan a la mayor cantidad de pasajeros, hemos demarcado en el piso la distancia social para que sea m\u00e1s f\u00e1cil interpretarla\u201d.<\/p>\n","protected":false},"excerpt":{"rendered":"<p>El jefe de Gobierno porte\u00f1o, Horacio Rodr\u00edguez Larreta, brind\u00f3 detalles sobre la extensi\u00f3n del aislamiento social, preventivo y obligatorio hasta el 26 de abril, en el marco del coronavirus, y anunci\u00f3 que los trenes, subtes y colectivos retoman su funcionamiento habitual, que a partir del mi\u00e9rcoles el uso de tapabocas ser\u00e1 obligatorio en comercios, en [&hellip;]<\/p>\n","protected":false},"author":1,"featured_media":834,"comment_status":"open","ping_status":"open","sticky":false,"template":"","format":"standard","meta":{"_et_pb_use_builder":"","_et_pb_old_content":"","_et_gb_content_width":"","footnotes":""},"categories":[11,33],"tags":[],"class_list":["post-833","post","type-post","status-publish","format-standard","has-post-thumbnail","hentry","category-ciudad","category-sociedad-y-cultura-2"],"_links":{"self":[{"href":"https:\/\/vocesdebaires.com.ar\/index.php\/wp-json\/wp\/v2\/posts\/833"}],"collection":[{"href":"https:\/\/vocesdebaires.com.ar\/index.php\/wp-json\/wp\/v2\/posts"}],"about":[{"href":"https:\/\/vocesdebaires.com.ar\/index.php\/wp-json\/wp\/v2\/types\/post"}],"author":[{"embeddable":true,"href":"https:\/\/vocesdebaires.com.ar\/index.php\/wp-json\/wp\/v2\/users\/1"}],"replies":[{"embeddable":true,"href":"https:\/\/vocesdebaires.com.ar\/index.php\/wp-json\/wp\/v2\/comments?post=833"}],"version-history":[{"count":0,"href":"https:\/\/vocesdebaires.com.ar\/index.php\/wp-json\/wp\/v2\/posts\/833\/revisions"}],"wp:featuredmedia":[{"embeddable":true,"href":"https:\/\/vocesdebaires.com.ar\/index.php\/wp-json\/wp\/v2\/media\/834"}],"wp:attachment":[{"href":"https:\/\/vocesdebaires.com.ar\/index.php\/wp-json\/wp\/v2\/media?parent=833"}],"wp:term":[{"taxonomy":"category","embeddable":true,"href":"https:\/\/vocesdebaires.com.ar\/index.php\/wp-json\/wp\/v2\/categories?post=833"},{"taxonomy":"post_tag","embeddable":true,"href":"https:\/\/vocesdebaires.com.ar\/index.php\/wp-json\/wp\/v2\/tags?post=833"}],"curies":[{"name":"wp","href":"https:\/\/api.w.org\/{rel}","templated":true}]}}