{"id":8331,"date":"2017-09-14T03:00:00","date_gmt":"2017-09-14T06:00:00","guid":{"rendered":"http:\/\/vocesdebaires.com.ar\/wordpress\/index.php\/2017\/09\/14\/el-pintor-anibal-cedron-personalidad-destacada\/"},"modified":"2017-09-14T03:00:00","modified_gmt":"2017-09-14T06:00:00","slug":"el-pintor-anibal-cedron-personalidad-destacada","status":"publish","type":"post","link":"https:\/\/vocesdebaires.com.ar\/index.php\/2017\/09\/14\/el-pintor-anibal-cedron-personalidad-destacada\/","title":{"rendered":"El pintor An\u00edbal Cedr\u00f3n, personalidad destacada"},"content":{"rendered":"<p>\u00a0<br \/>\nEl artista pl\u00e1stico An\u00edbal Cedr\u00f3n fue declarado personalidad destacada de la Cultura durante una ceremonia en el Sal\u00f3n Alfons\u00edn de la Legislatura porte\u00f1a, con la participaci\u00f3n de exponente argentino de la corriente Nueva Figuraci\u00f3n Lu\u00eds Felipe No\u00e9. El\u00a0legislador Carlos Tomada (FPV), autor de la iniciativa, remarc\u00f3 que es \u201cun artista comprometido con toda la vida\u201d y ha plasmado lo que el guionista H\u00e9ctor Oesterheld describ\u00eda en la historieta El Eternauta: \u201cno existe el h\u00e9roe solo sino el h\u00e9roe colectivo\u201d.<br \/>\nDurante el acto estuvo presente el m\u00fasico Juan Carlos \u201cTata\u201d Cedr\u00f3n, tambi\u00e9n personalidad destacada y primo de An\u00edbal, por lo cual el diputado Tomada afirm\u00f3 que esta familia encarna \u201cla hist\u00f3rica defensa de los despose\u00eddos\u201d, por su compromiso como artistas por la realidad pol\u00edtica y social del pa\u00eds.   A continuaci\u00f3n, No\u00e9 destac\u00f3 que \u201ces tan justo que a An\u00edbal se le de esta distinci\u00f3n, porque entiende la cultura en t\u00e9rminos m\u00faltiples\u201d y es \u201cun gran defensor de la conciencia social como la solidaridad con los suyos\u201d.<br \/>\nTambi\u00e9n record\u00f3 la militancia universitaria en la Facultad de Arquitectura que encarn\u00f3 en Cedr\u00f3n como \u201cun verdadero l\u00edder de la conciencia\u201d y alcanz\u00f3 la secretar\u00eda general de la Federaci\u00f3n Universitaria de Buenos Aires (FUBA) entre 1970 y 1972. No\u00e9 ley\u00f3 p\u00e1rrafos sobre \u201cel gran dibujante y pintor An\u00edbal Cedr\u00f3n\u201d, al que \u201cpocos conocen como escritor\u201d. \u201cLa magia es el instante y el relato es la vivencia de lo contradictorio\u201d o la descripci\u00f3n como \u201cun pensador visual que se detiene en reflexionar en tiempos vertiginosos\u201d, fueron algunos pasajes de la\u00a0 alocuci\u00f3n del pintor en relaci\u00f3n a Cedr\u00f3n.<br \/>\nComo \u00faltima oradora, la periodista Mar\u00eda Seoane, cont\u00f3 que \u201cconoc\u00ed a An\u00edbal en una de las tantas resistencias argentinas\u201d, en el a\u00f1o 2002. Lo describi\u00f3 como \u201cun militante de las mejores causas\u201d frente \u201cal drama individual y el drama social\u201d, dispuesto a \u201ccombatir la injusticia donde estuviera\u201d.Lo describi\u00f3 como \u201cun Quijote contra el viento helado que legaliza las injusticias y la desesperanza\u201d y \u201cun payador de la idea de la liberaci\u00f3n\u201d, que \u201cjam\u00e1s se recluir\u00eda en la torre de marfil, porque la detesta y se aburrir\u00eda mucho\u201dPara finalizar, el locutor oficial ley\u00f3 las palabras que le acerc\u00f3 el homenajeado, ya que un problema de saludo que lo aqueja le impidi\u00f3 exponerlas de manera personal.<br \/>\nPrimero agradeci\u00f3 \u201cemocionado la presencia de tantas amigas y amigos, compa\u00f1eras y compa\u00f1eros, cuya larga lista no voy a hacer menci\u00f3n porque son odiosas e injustas las omisiones.\u201d Y tambi\u00e9n \u201cel respaldo recibido por los integrantes del bloque oficialista en particular del diputado Emilio Raposo Varela (PRO) y por el cari\u00f1o y afecto demostrado por el actual director de la Comisi\u00f3n de Asesores de diputados integrantes de la comisi\u00f3n de cultura de nuestra legislatura porte\u00f1a, Emir Jarnub\u201d Sus agradecimientos se extendieron al diputado Tomada y a su esposa que \u201cque me acompa\u00f1a y sostiene\u201d.<br \/>\nRecord\u00f3 su \u201ctemprana militancia a los 14 a\u00f1os en el Colegio Nacional de Buenos Aires, \u00e9poca en la que particip\u00e9 entre otro hechos relevantes, de los di\u00e1logos entre cat\u00f3licos y marxistas coordinados por el Padre Carlos Mugica\u201d y su paso por \u201cla Facultad de Arquitectura, con un conjunto de compa\u00f1eros y amigos que hoy me acompa\u00f1an, dimos luchas muy importantes entre ellas, la refundaci\u00f3n de los centros de estudiantes en distintas facultades\u201d.<br \/>\nTambi\u00e9n record\u00f3\u00a0 que \u201cen aqu\u00e9l momento escrib\u00ed un cartel en mi casa que enarbolamos en el aula magna &quot;Nunca m\u00e1s un joven muerto en la Argentina&quot; lamentablemente la historia manch\u00f3 ese cartel con la sangre de muchos compa\u00f1eros&quot;. Describi\u00f3 que \u201cmi vida ha sido atravesada por la pol\u00edtica y la creaci\u00f3n y no podr\u00eda separar una de la otra ya que son necesidades que como ser humano me atraviesan. Siempre quise pintar. Mis cuadros miran a la cara, estoy cautivo de emoci\u00f3n en ellos como un animal, soy militante de la liberaci\u00f3n social, para la libertad mis ojos y mis manos.<br \/>\nA pesar de los golpes, porque a\u00fan tengo vida, \u00e9ste es el lugar donde me pongo el pantal\u00f3n, en donde me quito la camisa en alta voz, y donde tengo suelo, un alma, un mapa de mi Argentina y el mundo .&quot;Para finalizar record\u00f3 que durante su participaci\u00f3n pol\u00edtica y actividad cultural afirm\u00f3: \u201che luchado por la cultura de la vida, el amor, la paz y la solidaridad entre los pueblos, frente a la cultura del odio, de la guerra, la violencia y la destrucci\u00f3n de la vida y del planeta\u201d.<\/p>\n","protected":false},"excerpt":{"rendered":"<p>\u00a0 El artista pl\u00e1stico An\u00edbal Cedr\u00f3n fue declarado personalidad destacada de la Cultura durante una ceremonia en el Sal\u00f3n Alfons\u00edn de la Legislatura porte\u00f1a, con la participaci\u00f3n de exponente argentino de la corriente Nueva Figuraci\u00f3n Lu\u00eds Felipe No\u00e9. El\u00a0legislador Carlos Tomada (FPV), autor de la iniciativa, remarc\u00f3 que es \u201cun artista comprometido con toda la [&hellip;]<\/p>\n","protected":false},"author":1,"featured_media":8332,"comment_status":"open","ping_status":"open","sticky":false,"template":"","format":"standard","meta":{"_et_pb_use_builder":"","_et_pb_old_content":"","_et_gb_content_width":"","footnotes":""},"categories":[11,33],"tags":[],"class_list":["post-8331","post","type-post","status-publish","format-standard","has-post-thumbnail","hentry","category-ciudad","category-sociedad-y-cultura-2"],"_links":{"self":[{"href":"https:\/\/vocesdebaires.com.ar\/index.php\/wp-json\/wp\/v2\/posts\/8331"}],"collection":[{"href":"https:\/\/vocesdebaires.com.ar\/index.php\/wp-json\/wp\/v2\/posts"}],"about":[{"href":"https:\/\/vocesdebaires.com.ar\/index.php\/wp-json\/wp\/v2\/types\/post"}],"author":[{"embeddable":true,"href":"https:\/\/vocesdebaires.com.ar\/index.php\/wp-json\/wp\/v2\/users\/1"}],"replies":[{"embeddable":true,"href":"https:\/\/vocesdebaires.com.ar\/index.php\/wp-json\/wp\/v2\/comments?post=8331"}],"version-history":[{"count":0,"href":"https:\/\/vocesdebaires.com.ar\/index.php\/wp-json\/wp\/v2\/posts\/8331\/revisions"}],"wp:featuredmedia":[{"embeddable":true,"href":"https:\/\/vocesdebaires.com.ar\/index.php\/wp-json\/wp\/v2\/media\/8332"}],"wp:attachment":[{"href":"https:\/\/vocesdebaires.com.ar\/index.php\/wp-json\/wp\/v2\/media?parent=8331"}],"wp:term":[{"taxonomy":"category","embeddable":true,"href":"https:\/\/vocesdebaires.com.ar\/index.php\/wp-json\/wp\/v2\/categories?post=8331"},{"taxonomy":"post_tag","embeddable":true,"href":"https:\/\/vocesdebaires.com.ar\/index.php\/wp-json\/wp\/v2\/tags?post=8331"}],"curies":[{"name":"wp","href":"https:\/\/api.w.org\/{rel}","templated":true}]}}