{"id":8333,"date":"2017-09-14T03:00:00","date_gmt":"2017-09-14T06:00:00","guid":{"rendered":"http:\/\/vocesdebaires.com.ar\/wordpress\/index.php\/2017\/09\/14\/anticipo-regularan-el-uso-de-bicicletas-electricas\/"},"modified":"2017-09-14T03:00:00","modified_gmt":"2017-09-14T06:00:00","slug":"anticipo-regularan-el-uso-de-bicicletas-electricas","status":"publish","type":"post","link":"https:\/\/vocesdebaires.com.ar\/index.php\/2017\/09\/14\/anticipo-regularan-el-uso-de-bicicletas-electricas\/","title":{"rendered":"Anticipo: Regular\u00e1n el uso de bicicletas el\u00e9ctricas"},"content":{"rendered":"<p>La reglamentaci\u00f3n del uso de\u00a0 ciclorodados con pedaleo asistido el\u00e9ctricamente ser\u00e1 uno de los principales asuntos que debatir\u00e1n hoy\u00a0 los legisladores porte\u00f1os en la sesi\u00f3n ordinaria citada para las 11.30 horas. El proyecto impulsado por la diputada Cristina Garc\u00eda (PRO), tiene dictamen favorable de la Comisi\u00f3n de Tr\u00e1nsito y Transporte que preside Claudio Palmeyro (SP).Tambi\u00e9n tendr\u00e1 tratamiento preferencial un despacho de la misma comisi\u00f3n asesora que propone modificar las definiciones generales del C\u00f3digo de Tr\u00e1nsito y Transporte de acuerdo a una iniciativa presentada por Cristina Garc\u00eda, Daniel Del Sol, Roberto Quattromano, Carmen Polledo y Francisco Quintana (PRO).<br \/>\nSeg\u00fan lo acordado ayer por la tarde en la reuni\u00f3n de Labor Parlamentaria que presidi\u00f3 la diputada Polledo, ante una presentaci\u00f3n sobre tablas del Frente para la Victoria, el Bloque Peronista y la Corriente Nacional de la Militancia respecto a un proyecto de resoluci\u00f3n que pide informes al Poder Ejecutivo relacionados a la aplicaci\u00f3n del &quot;Instructivo sobre forma de proceder en caso de toma de establecimientos educativos&quot;, ser\u00e1 considerado un texto de consenso con el oficialismo.<br \/>\nPor otra parte, el PRO tambi\u00e9n propondr\u00e1 un texto consensuado ante una iniciativa del Frente de Izquierda y de los Trabajadores por la conmemoraci\u00f3n de un nuevo aniversario de la desaparici\u00f3n de Julio L\u00f3pez.El temario de la sesi\u00f3n incluye que la segunda semana de octubre de cada a\u00f1o sea instituida por ley como la \u201cSemana del Dise\u00f1o\u201d. Se tratar\u00e1 un despacho de la Comisi\u00f3n de Desarrollo Econ\u00f3mico, MerCoSur y Pol\u00edticas de Empleo al que adhiri\u00f3 su par de Presupuesto a partir de un proyecto cuya autor\u00eda es de los diputados Natalia Persini y Quintana (PRO).<\/p>\n","protected":false},"excerpt":{"rendered":"<p>La reglamentaci\u00f3n del uso de\u00a0 ciclorodados con pedaleo asistido el\u00e9ctricamente ser\u00e1 uno de los principales asuntos que debatir\u00e1n hoy\u00a0 los legisladores porte\u00f1os en la sesi\u00f3n ordinaria citada para las 11.30 horas. El proyecto impulsado por la diputada Cristina Garc\u00eda (PRO), tiene dictamen favorable de la Comisi\u00f3n de Tr\u00e1nsito y Transporte que preside Claudio Palmeyro (SP).Tambi\u00e9n [&hellip;]<\/p>\n","protected":false},"author":1,"featured_media":8334,"comment_status":"open","ping_status":"open","sticky":false,"template":"","format":"standard","meta":{"_et_pb_use_builder":"","_et_pb_old_content":"","_et_gb_content_width":"","footnotes":""},"categories":[11,33],"tags":[],"class_list":["post-8333","post","type-post","status-publish","format-standard","has-post-thumbnail","hentry","category-ciudad","category-sociedad-y-cultura-2"],"_links":{"self":[{"href":"https:\/\/vocesdebaires.com.ar\/index.php\/wp-json\/wp\/v2\/posts\/8333"}],"collection":[{"href":"https:\/\/vocesdebaires.com.ar\/index.php\/wp-json\/wp\/v2\/posts"}],"about":[{"href":"https:\/\/vocesdebaires.com.ar\/index.php\/wp-json\/wp\/v2\/types\/post"}],"author":[{"embeddable":true,"href":"https:\/\/vocesdebaires.com.ar\/index.php\/wp-json\/wp\/v2\/users\/1"}],"replies":[{"embeddable":true,"href":"https:\/\/vocesdebaires.com.ar\/index.php\/wp-json\/wp\/v2\/comments?post=8333"}],"version-history":[{"count":0,"href":"https:\/\/vocesdebaires.com.ar\/index.php\/wp-json\/wp\/v2\/posts\/8333\/revisions"}],"wp:featuredmedia":[{"embeddable":true,"href":"https:\/\/vocesdebaires.com.ar\/index.php\/wp-json\/wp\/v2\/media\/8334"}],"wp:attachment":[{"href":"https:\/\/vocesdebaires.com.ar\/index.php\/wp-json\/wp\/v2\/media?parent=8333"}],"wp:term":[{"taxonomy":"category","embeddable":true,"href":"https:\/\/vocesdebaires.com.ar\/index.php\/wp-json\/wp\/v2\/categories?post=8333"},{"taxonomy":"post_tag","embeddable":true,"href":"https:\/\/vocesdebaires.com.ar\/index.php\/wp-json\/wp\/v2\/tags?post=8333"}],"curies":[{"name":"wp","href":"https:\/\/api.w.org\/{rel}","templated":true}]}}