{"id":8345,"date":"2017-09-13T03:00:00","date_gmt":"2017-09-13T06:00:00","guid":{"rendered":"http:\/\/vocesdebaires.com.ar\/wordpress\/index.php\/2017\/09\/13\/audiencia-urbanizacion-de-la-estacion-colegiales\/"},"modified":"2017-09-13T03:00:00","modified_gmt":"2017-09-13T06:00:00","slug":"audiencia-urbanizacion-de-la-estacion-colegiales","status":"publish","type":"post","link":"https:\/\/vocesdebaires.com.ar\/index.php\/2017\/09\/13\/audiencia-urbanizacion-de-la-estacion-colegiales\/","title":{"rendered":"Audiencia : Urbanizaci\u00f3n de la Estaci\u00f3n Colegiales"},"content":{"rendered":"<p>\u00a0<br \/>\nFuncionarios de los gobiernos nacional y local expusieron ayer, en la Legislatura porte\u00f1a, sobre el proyecto para la urbanizaci\u00f3n y parquizaci\u00f3n de casi cinco manzanas que hoy son terrenos ferroviarios ociosos y que ser\u00e1n transferidos a la Ciudad de Buenos Aires. Las explicaciones se dieron en el marco de una Audiencia P\u00fablica en la que se hablaron tambi\u00e9n los vecinos y dirigentes de sus organizaciones barriales. El proyecto ya fue aprobado en primera lectura y tras pasar este requisito de la Audiencia P\u00fablica, ser\u00e1 nuevamente debatido y votado en las pr\u00f3ximas sesiones ordinarias.<br \/>\nSe trata de la rezonificaci\u00f3n de tierras que hoy corresponden a la Estaci\u00f3n Colegiales del Ferrocarril Mitre, en la Comuna 13. Afecta el pol\u00edgono de 47,2 hect\u00e1reas de superficie, delimitado por la Avenida Federico Lacroze y las calles Virrey Avil\u00e9s, Vidal, Moldes y el deslinde con terrenos ferroviarios que seguir\u00e1n siendo de la Estaci\u00f3n Colegiales. De unas 9 hect\u00e1reas que hoy comprende la Estaci\u00f3n con sus playas de carga y de maniobras, la mitad ser\u00e1 remodelada por la Naci\u00f3n en el marco del Plan Estrat\u00e9gico del Sistema Ferroviario Metropolitano que pretende, en mediano y largo plazo, interconectar las l\u00edneas f\u00e9rreas con intercambios subterr\u00e1neos y a nivel, triplicar la cantidad de pasajeros y las frecuencias, modernizando el servicio y reduciendo los tiempos de viaje. Colegiales, en una primera etapa, ser\u00e1 una de las Estaciones de enlace de las l\u00edneas Mitre y Roca.<br \/>\nLa mitad del terreno que no ser\u00e1 necesaria para el plan ferroviario (42,7 hect\u00e1reas) ser\u00e1 cedida por la Naci\u00f3n a la Ciudad en un 65 por ciento de su extensi\u00f3n (unas 3 hect\u00e1reas o manzanas) para Espacio P\u00fablico (plazas, apertura de calles, veredas, instalaciones deportivas y recreativas o culturales de uso libre). El restante 35 por ciento (16.500 metros cuadrados) ser\u00e1 enajenado por parte de la AABE (Agencia de Administraci\u00f3n de Bienes del Estado nacional) para proyectos de edificaci\u00f3n, seg\u00fan concurso de ideas en los que intervendr\u00e1n asociaciones de arquitectos.<br \/>\nLos edificios a levantarse no deber\u00e1n tener m\u00e1s de 25 \u00f3 29 metros de altitud (seg\u00fan los casos) y totalizar\u00e1n hasta 80 mil metros cuadrados de construcci\u00f3n. Para todo ello, la Naci\u00f3n y la Ciudad suscribieron un convenio cuya aprobaci\u00f3n forma parte de la ley en tratamiento y cuyos anexos especifican las pautas arquitect\u00f3nicas y requisitos t\u00e9cnicos.En la Audiencia P\u00fablica realizada hoy en el Sal\u00f3n Presidente Per\u00f3n expusieron los siguientes funcionarios: secretario de Planificaci\u00f3n del Transporte de la Naci\u00f3n, Germ\u00e1n Bussi; directora de Desarrollo Urbano y Territorial de la AABE, Florencia Aguilar; director general de Espacios Verdes de la CABA, Gustavo Iasge, y director general de Planeamiento Urbano, Mariano Orlando. Todos dieron explicaciones de lo proyectado, con exhibici\u00f3n de planos y difusi\u00f3n de guarismos.<br \/>\nPor su parte, la representante de la Comuna 13, Julieta Costa D\u00edaz, critic\u00f3 con sarcasmo el proyecto oficial y reclam\u00f3, como otros vecinos y asociaciones comunales, que todo el predio se destinara a espacio verde de uso p\u00fablico libre y centro cultural, como pretend\u00eda la iniciativa original luego modificada a instancia del Poder Ejecutivo. En total se inscribieron 79 oradores.La Audiencia fue presidida por el diputado Agust\u00edn Forchieri (PRO), en su car\u00e1cter de presidente de la Comisi\u00f3n de Planeamiento Urbano. Participaron los legisladores Adri\u00e1n Camps (PSA); Jos\u00e9 Luis Acevedo, Clodomiro Risau, Claudia Calciano, Cristina Garc\u00eda, Benigno Raposo Varela, Maximiliano Sahonero, Jian Ping Yuan, Daniel Del Sol y Daniel Presti (PRO).<\/p>\n","protected":false},"excerpt":{"rendered":"<p>\u00a0 Funcionarios de los gobiernos nacional y local expusieron ayer, en la Legislatura porte\u00f1a, sobre el proyecto para la urbanizaci\u00f3n y parquizaci\u00f3n de casi cinco manzanas que hoy son terrenos ferroviarios ociosos y que ser\u00e1n transferidos a la Ciudad de Buenos Aires. Las explicaciones se dieron en el marco de una Audiencia P\u00fablica en la [&hellip;]<\/p>\n","protected":false},"author":1,"featured_media":8346,"comment_status":"open","ping_status":"open","sticky":false,"template":"","format":"standard","meta":{"_et_pb_use_builder":"","_et_pb_old_content":"","_et_gb_content_width":"","footnotes":""},"categories":[11,32],"tags":[],"class_list":["post-8345","post","type-post","status-publish","format-standard","has-post-thumbnail","hentry","category-ciudad","category-comunas"],"_links":{"self":[{"href":"https:\/\/vocesdebaires.com.ar\/index.php\/wp-json\/wp\/v2\/posts\/8345"}],"collection":[{"href":"https:\/\/vocesdebaires.com.ar\/index.php\/wp-json\/wp\/v2\/posts"}],"about":[{"href":"https:\/\/vocesdebaires.com.ar\/index.php\/wp-json\/wp\/v2\/types\/post"}],"author":[{"embeddable":true,"href":"https:\/\/vocesdebaires.com.ar\/index.php\/wp-json\/wp\/v2\/users\/1"}],"replies":[{"embeddable":true,"href":"https:\/\/vocesdebaires.com.ar\/index.php\/wp-json\/wp\/v2\/comments?post=8345"}],"version-history":[{"count":0,"href":"https:\/\/vocesdebaires.com.ar\/index.php\/wp-json\/wp\/v2\/posts\/8345\/revisions"}],"wp:featuredmedia":[{"embeddable":true,"href":"https:\/\/vocesdebaires.com.ar\/index.php\/wp-json\/wp\/v2\/media\/8346"}],"wp:attachment":[{"href":"https:\/\/vocesdebaires.com.ar\/index.php\/wp-json\/wp\/v2\/media?parent=8345"}],"wp:term":[{"taxonomy":"category","embeddable":true,"href":"https:\/\/vocesdebaires.com.ar\/index.php\/wp-json\/wp\/v2\/categories?post=8345"},{"taxonomy":"post_tag","embeddable":true,"href":"https:\/\/vocesdebaires.com.ar\/index.php\/wp-json\/wp\/v2\/tags?post=8345"}],"curies":[{"name":"wp","href":"https:\/\/api.w.org\/{rel}","templated":true}]}}