{"id":8349,"date":"2017-09-13T03:00:00","date_gmt":"2017-09-13T06:00:00","guid":{"rendered":"http:\/\/vocesdebaires.com.ar\/wordpress\/index.php\/2017\/09\/13\/relaciones-visita-de-empresarios-israelies\/"},"modified":"2017-09-13T03:00:00","modified_gmt":"2017-09-13T06:00:00","slug":"relaciones-visita-de-empresarios-israelies","status":"publish","type":"post","link":"https:\/\/vocesdebaires.com.ar\/index.php\/2017\/09\/13\/relaciones-visita-de-empresarios-israelies\/","title":{"rendered":"Relaciones: Visita de empresarios israel\u00edes"},"content":{"rendered":"<p>\u00a0<br \/>\nUna delegaci\u00f3n de empresarios israel\u00edes que acompa\u00f1an al Primer Ministro de ese pa\u00eds Benjam\u00edn Netanyahu en la visita oficial que efect\u00faa a La Argentina, fue recibida por autoridades de la Legislatura de la Ciudad Aut\u00f3noma de Buenos Aires y particip\u00f3 de un encuentro con funcionarios del Poder Ejecutivo local con la finalidad de incrementar las inversiones.La Vicepresidente Primera, legisladora Carmen Polledo en su mensaje de bienvenida ante la comitiva de 30 empresarios relacionados a los sectores de ciberseguridad, nuevas tecnolog\u00edas, telecomunicaciones, agroindustria, recursos h\u00eddricos y desarrollo local alent\u00f3 a &quot;examinar el ambiente de negocios e inversiones en nuestro pa\u00eds&quot;.<br \/>\n&quot;Esta visita contribuye a profundizar lazos entre ambas naciones, las que por cierto se vienen anudando desde hace mucho tiempo atr\u00e1s&quot;, destac\u00f3.A continuaci\u00f3n, el presidente del bloque PRO legislador Francisco Quintana, inst\u00f3 a &quot;intercambiar visiones acerca de la realidad y su potencialidad&quot;. Explic\u00f3 que &quot;Buenos Aires es una ciudad con casi tres millones de habitantes los que se duplican durante el d\u00eda por razones de trabajo o estudio. Posee una fuerza laboral que es flexible, calificada y multicultural&quot;.<br \/>\n&quot;M\u00e1s de cuarenta mil j\u00f3venes han venido del extranjero a realizar estudios&quot; apunt\u00f3 el legislador que tambi\u00e9n preside el interbloque parlamentario Vamos Juntos, para subrayar las caracter\u00edsticas de talento e innovaci\u00f3n que destacan a la urbe con altos est\u00e1ndares de calidad de vida sobre todo a nivel regional. Otros de los aspectos se\u00f1alados fueron que en la ciudad de Buenos Aires reside el diez por ciento de la poblaci\u00f3n argentina, se generan casi cien millones de d\u00f3lares lo que equivale a una cuarta parte del producto bruto total del pa\u00eds y entre los a\u00f1os 2004 y 2014 se duplic\u00f3 la actividad econ\u00f3mica.<br \/>\nTambi\u00e9n recibi\u00f3 al grupo empresarial que en la v\u00edspera particip\u00f3 del foro empresarial y econ\u00f3mico en el Palacio San Mart\u00edn, el presidente de la Comisi\u00f3n legislativa de Educaci\u00f3n, Ciencia y Tecnolog\u00eda, diputado Maximiliano Ferraro (CC). Aportaron una visi\u00f3n de la ciudad los subsecretarios de Relaciones Internacionales e Institucionales y de Desarrollo Econ\u00f3mico a cargo del \u00e1rea Inversiones del Gobierno porte\u00f1o, Francisco Andr\u00e9s Resnicov y Pablo Giampieri respectivamente.<br \/>\nA continuaci\u00f3n en el sal\u00f3n Eva Per\u00f3n del Palacio Legislativo tuvo lugar una mesa de trabajo con funcionarios del Ministerio de Seguridad encabezados por el secretario Marcelo D Alesandro y en simult\u00e1neo en otro sal\u00f3n, con responsables de Limpieza y de Tratamiento; de Nuevas Tecnolog\u00edas y empresarios de agua y cleantech.Otra mesa de trabajo estuvo compuesta con funcionarios del Ministerio de Modernizaci\u00f3n, Innovaci\u00f3n y Tecnolog\u00eda y de la Agencia de Promoci\u00f3n de Inversiones y Comercio exterior del GCABA.<br \/>\nAlentados por el plan de obras de infraestructura que llevan adelante los gobiernos nacionales y de la Ciudad Aut\u00f3noma y con el prop\u00f3sito de ampliar el comercio bilateral que en los \u00faltimos diez a\u00f1os se mantuvo en torno de los US$ 350 millones, y aumentar las inversiones israel\u00edes en el pa\u00eds, entre los empresarios estuvieron los representantes de las compa\u00f1\u00edas Israel Export Institute, Verint (ciberseguridad), Faception (nuevas tecnolog\u00edas), Cellcom Israel Ltd (telecomunicaciones), Mitrelli Group (recursos h\u00eddricos y desarrollo local) y Taranis (agroindustria), entre otras.<\/p>\n","protected":false},"excerpt":{"rendered":"<p>\u00a0 Una delegaci\u00f3n de empresarios israel\u00edes que acompa\u00f1an al Primer Ministro de ese pa\u00eds Benjam\u00edn Netanyahu en la visita oficial que efect\u00faa a La Argentina, fue recibida por autoridades de la Legislatura de la Ciudad Aut\u00f3noma de Buenos Aires y particip\u00f3 de un encuentro con funcionarios del Poder Ejecutivo local con la finalidad de incrementar [&hellip;]<\/p>\n","protected":false},"author":1,"featured_media":8350,"comment_status":"open","ping_status":"open","sticky":false,"template":"","format":"standard","meta":{"_et_pb_use_builder":"","_et_pb_old_content":"","_et_gb_content_width":"","footnotes":""},"categories":[11,33],"tags":[],"class_list":["post-8349","post","type-post","status-publish","format-standard","has-post-thumbnail","hentry","category-ciudad","category-sociedad-y-cultura-2"],"_links":{"self":[{"href":"https:\/\/vocesdebaires.com.ar\/index.php\/wp-json\/wp\/v2\/posts\/8349"}],"collection":[{"href":"https:\/\/vocesdebaires.com.ar\/index.php\/wp-json\/wp\/v2\/posts"}],"about":[{"href":"https:\/\/vocesdebaires.com.ar\/index.php\/wp-json\/wp\/v2\/types\/post"}],"author":[{"embeddable":true,"href":"https:\/\/vocesdebaires.com.ar\/index.php\/wp-json\/wp\/v2\/users\/1"}],"replies":[{"embeddable":true,"href":"https:\/\/vocesdebaires.com.ar\/index.php\/wp-json\/wp\/v2\/comments?post=8349"}],"version-history":[{"count":0,"href":"https:\/\/vocesdebaires.com.ar\/index.php\/wp-json\/wp\/v2\/posts\/8349\/revisions"}],"wp:featuredmedia":[{"embeddable":true,"href":"https:\/\/vocesdebaires.com.ar\/index.php\/wp-json\/wp\/v2\/media\/8350"}],"wp:attachment":[{"href":"https:\/\/vocesdebaires.com.ar\/index.php\/wp-json\/wp\/v2\/media?parent=8349"}],"wp:term":[{"taxonomy":"category","embeddable":true,"href":"https:\/\/vocesdebaires.com.ar\/index.php\/wp-json\/wp\/v2\/categories?post=8349"},{"taxonomy":"post_tag","embeddable":true,"href":"https:\/\/vocesdebaires.com.ar\/index.php\/wp-json\/wp\/v2\/tags?post=8349"}],"curies":[{"name":"wp","href":"https:\/\/api.w.org\/{rel}","templated":true}]}}