{"id":8355,"date":"2017-09-13T03:00:00","date_gmt":"2017-09-13T06:00:00","guid":{"rendered":"http:\/\/vocesdebaires.com.ar\/wordpress\/index.php\/2017\/09\/13\/ritondo-al-recorrio-una-comisaria-en-quilmes\/"},"modified":"2017-09-13T03:00:00","modified_gmt":"2017-09-13T06:00:00","slug":"ritondo-al-recorrio-una-comisaria-en-quilmes","status":"publish","type":"post","link":"https:\/\/vocesdebaires.com.ar\/index.php\/2017\/09\/13\/ritondo-al-recorrio-una-comisaria-en-quilmes\/","title":{"rendered":"Ritondo al recorri\u00f3 una comisar\u00eda en Quilmes"},"content":{"rendered":"<p>\u00a0<br \/>\nEl ministro de Seguridad de la provincia de Buenos Aires, Cristian Ritondo, recorri\u00f3 ayer la comisar\u00eda 8\u00b0 de Quilmes, seccional que fue refaccionada dentro del plan de mejoras de 54 dependencias de la Polic\u00eda lanzado meses atr\u00e1s. En el acto estuvo acompa\u00f1ado por el intendente de este distrito, Martiniano Molina. En ese contexto, el funcionario del gobierno de Mar\u00eda Eugenia Vidal manifest\u00f3 que &quot;siempre estamos dando un paso adelante y mejorando las dependencias para que los polic\u00edas trabajen con la log\u00edstica, equipamiento y confort que merecen los buenos efectivos&quot;. A la vez Ritondo record\u00f3 que &quot;despu\u00e9s de m\u00e1s de 10 a\u00f1os comenzamos un plan de refacci\u00f3n de las comisar\u00edas bonaerenses&quot;. Durante la ceremonia, realizada en la dependencia ubicada en el barrio Parque de Bernal, el ministro agreg\u00f3 que &quot;hoy la provincia de Buenos Aires est\u00e1 llevando adelante un plan de refacci\u00f3n de las comisar\u00edas de acuerdo a los est\u00e1ndares internacionales de derechos humanos&quot;. Asimismo, el titular de cartera de Seguridad sostuvo que &quot;este plan no s\u00f3lo le cambia la vida a los efectivos policiales de la provincia de Buenos Aires sino tambi\u00e9n a todos los bonaerenses porque se realiz\u00f3 una mejora edilicia y adem\u00e1s la Comisar\u00eda ahora est\u00e1 conectada a la intranet del ministerio y ahora tiene internet para agilizar las denuncias&quot;. Por su parte, Molina sostuvo que &quot;gracias a esta iniciativa hoy la Comisar\u00eda Octava de nuestra ciudad cuenta con mejores condiciones de trabajo&quot; y afirm\u00f3 que &quot;se refaccion\u00f3 por completo el lugar y se reforzaron las medidas de seguridad&quot;.<br \/>\nCon las mejoras llevadas a cabo en esta comisar\u00eda, la seccional ahora dispone de oficinas administrativas con aire acondicionado fr\u00edo\/calor, instalaci\u00f3n el\u00e9ctrica renovada y la incorporaci\u00f3n de detectores de incendio.Asimismo, se acondicionaron los ba\u00f1os para p\u00fablico y el personal, se incorpor\u00f3 un sector de comedor para los efectivos y se mejoraron considerablemente los sectores de calabozos. Por otra parte, se incorporaron cinco computadoras y un m\u00f3dem que ahora permite tener conectividad de internet con el ministerio de Seguridad a trav\u00e9s de la Red Provincial de Telecomunicaciones.\u00a0La refacci\u00f3n de la comisar\u00eda Quilmes 8\u00b0 se llev\u00f3 a cabo dentro de este plan que tiene como fin mejorar y potenciar las condiciones de trabajo de los efectivos de la Polic\u00eda provincial, ya que hac\u00eda 10 a\u00f1os que no se realizaba ning\u00fan tipo de trabajo en las seccionales. De la ceremonia participaron adem\u00e1s, autoridades ministeriales, municipales y policiales.\u200b<br \/>\nFoto: Ministerio de Seguridad de la Provincia de Buenos Aires<\/p>\n","protected":false},"excerpt":{"rendered":"<p>\u00a0 El ministro de Seguridad de la provincia de Buenos Aires, Cristian Ritondo, recorri\u00f3 ayer la comisar\u00eda 8\u00b0 de Quilmes, seccional que fue refaccionada dentro del plan de mejoras de 54 dependencias de la Polic\u00eda lanzado meses atr\u00e1s. En el acto estuvo acompa\u00f1ado por el intendente de este distrito, Martiniano Molina. En ese contexto, el [&hellip;]<\/p>\n","protected":false},"author":1,"featured_media":8356,"comment_status":"open","ping_status":"open","sticky":false,"template":"","format":"standard","meta":{"_et_pb_use_builder":"","_et_pb_old_content":"","_et_gb_content_width":"","footnotes":""},"categories":[34,13],"tags":[],"class_list":["post-8355","post","type-post","status-publish","format-standard","has-post-thumbnail","hentry","category-politica","category-provincia"],"_links":{"self":[{"href":"https:\/\/vocesdebaires.com.ar\/index.php\/wp-json\/wp\/v2\/posts\/8355"}],"collection":[{"href":"https:\/\/vocesdebaires.com.ar\/index.php\/wp-json\/wp\/v2\/posts"}],"about":[{"href":"https:\/\/vocesdebaires.com.ar\/index.php\/wp-json\/wp\/v2\/types\/post"}],"author":[{"embeddable":true,"href":"https:\/\/vocesdebaires.com.ar\/index.php\/wp-json\/wp\/v2\/users\/1"}],"replies":[{"embeddable":true,"href":"https:\/\/vocesdebaires.com.ar\/index.php\/wp-json\/wp\/v2\/comments?post=8355"}],"version-history":[{"count":0,"href":"https:\/\/vocesdebaires.com.ar\/index.php\/wp-json\/wp\/v2\/posts\/8355\/revisions"}],"wp:featuredmedia":[{"embeddable":true,"href":"https:\/\/vocesdebaires.com.ar\/index.php\/wp-json\/wp\/v2\/media\/8356"}],"wp:attachment":[{"href":"https:\/\/vocesdebaires.com.ar\/index.php\/wp-json\/wp\/v2\/media?parent=8355"}],"wp:term":[{"taxonomy":"category","embeddable":true,"href":"https:\/\/vocesdebaires.com.ar\/index.php\/wp-json\/wp\/v2\/categories?post=8355"},{"taxonomy":"post_tag","embeddable":true,"href":"https:\/\/vocesdebaires.com.ar\/index.php\/wp-json\/wp\/v2\/tags?post=8355"}],"curies":[{"name":"wp","href":"https:\/\/api.w.org\/{rel}","templated":true}]}}