{"id":8366,"date":"2017-05-30T14:10:57","date_gmt":"2017-05-30T17:10:57","guid":{"rendered":"http:\/\/vocesdebaires.com.ar\/wordpress\/index.php\/2017\/05\/30\/el-teatro-san-martin-reabrio-sus-puertas\/"},"modified":"2017-05-30T14:10:57","modified_gmt":"2017-05-30T17:10:57","slug":"el-teatro-san-martin-reabrio-sus-puertas","status":"publish","type":"post","link":"https:\/\/vocesdebaires.com.ar\/index.php\/2017\/05\/30\/el-teatro-san-martin-reabrio-sus-puertas\/","title":{"rendered":"El Teatro San Mart\u00edn reabri\u00f3 sus puertas"},"content":{"rendered":"<p>\u00a0<br \/>\nLuego de 18 meses cerrado por los trabajos de reacondicionamiento y puesta en valor, el tradicional Teatro San Mart\u00edn, uno de los \u00edconos de la cultura de la Ciudad de Buenos Aires, reabri\u00f3 sus puertas este lunes con una gran noche de gala. La jornada cont\u00f3 con la presencia destacada del presidente de la Naci\u00f3n, Mauricio Macri; del jefe de Gobierno de la Ciudad de Buenos Aires, Horacio Rodr\u00edguez Larreta, adem\u00e1s de numerosos funcionarios y reconocidos artistas nacionales.<br \/>\n\u201cLa obra qued\u00f3 fant\u00e1stica, realmente vale la pena venir con tiempo a recorrerlo porque se hizo un trabajo b\u00e1rbaro. Adem\u00e1s, se recuper\u00f3 la idea original que so\u00f1\u00f3 Mario Roberto \u00c1lvarez hace casi 60 a\u00f1os. Para la Ciudad recuperar un \u00edcono de la cultura como el San Mart\u00edn es una gran emoci\u00f3n\u201d, resalt\u00f3 Rodr\u00edguez Larreta al ingresar a la gala. El Jefe de Gobierno record\u00f3 adem\u00e1s que la remodelaci\u00f3n \u201cfue en etapas, desde hace m\u00e1s de cuatro a\u00f1os\u201d\u00a0 y que reci\u00e9n en la \u00faltima el teatro permaneci\u00f3 cerrado \u201cpor un tema de seguridad, porque se estuvo trabajando en la entrada\u201d.<br \/>\n\u201cEs una enorme emoci\u00f3n y se cumplieron con los plazos porque dijimos que para el 25 de mayo estaba. Es incre\u00edble lo lindo que qued\u00f3, c\u00f3mo se restaur\u00f3 recuperando la imagen original. Este tipo de cosas nos une a todos, est\u00e1 bueno que venga gente con visiones distintas. Reabrir las puertas del San Mart\u00edn merece eso\u201d, a\u00f1adi\u00f3. Con un show montado en la Sala Mart\u00edn Coronado, la noche comenz\u00f3 con la actuaci\u00f3n del Grupo de Titiriteros del San Mart\u00edn, que puso en escena \u201cEl Gran Circo Criollo\u201d, una de las obras m\u00e1s importantes de la formaci\u00f3n, que fue estrenada en 1982 y signific\u00f3 una verdadera renovaci\u00f3n en el teatro de t\u00edteres en Argentina.<br \/>\nPosteriormente, el Ballet Contempor\u00e1neo del Teatro San Mart\u00edn interpret\u00f3 un fragmento de la Novena Sinfon\u00eda\u00a0 de Ludwig van Beethoven, que ser\u00e1 uno de los pr\u00f3ximos estrenos del a\u00f1o de la compa\u00f1\u00eda. Adem\u00e1s de funcionarios de los gobiernos nacional, porte\u00f1o y bonaerense, a la gala asistieron reconocidos actores, actrices, figuras del espect\u00e1culo y diferentes representantes de la cultura nacional. Luego de los trabajos realizados sobre las cubiertas, la impermeabilizaci\u00f3n de los muros exteriores y la renovaci\u00f3n de la\u00a0\u00a0 sala de ensayo de danza de ballet contempor\u00e1neo realizados en 2014, al a\u00f1o siguiente se recuperaron por completo las salas Leopoldo\u00a0 Lugones, Casacuberta y Mart\u00edn Coronado, la principal del complejo.<br \/>\nPosteriormente se cerr\u00f3 el teatro para acelerar los tiempos de obra y\u00a0 encarar, durante 2016, la etapa final de la renovaci\u00f3n, que la recuperaci\u00f3n y adecuaci\u00f3n tecnol\u00f3gica de las \u00e1reas principales, complementarias y de servicios, los halls, camarines, n\u00facleos sanitarios, circulaciones verticales y horizontales y dem\u00e1s sectores t\u00e9cnicos de apoyo.Con motivo del cierre, en\u00a0 julio del a\u00f1o pasado se lanz\u00f3 el programa \u201cEl San Mart\u00edn en los Barrios\u201d, una iniciativa que extendi\u00f3 la programaci\u00f3n del Teatro a distintos barrios, en un despliegue in\u00e9dito que convoc\u00f3 a vecinos de todas las edades a compartir obras\u00a0 de teatro, m\u00fasica, danza, cine y arte de excelencia con entrada gratuita. Cabe recordar que el \u00faltimo s\u00e1bado, como parte de la celebraci\u00f3n por la reapertura del San Mart\u00edn, se realiz\u00f3 un espect\u00e1culo multisensorial gratuito sobre la avenida Corrientes, protagonizado por m\u00e1s de 300 artistas y al que asistieron miles de personas.<\/p>\n","protected":false},"excerpt":{"rendered":"<p>\u00a0 Luego de 18 meses cerrado por los trabajos de reacondicionamiento y puesta en valor, el tradicional Teatro San Mart\u00edn, uno de los \u00edconos de la cultura de la Ciudad de Buenos Aires, reabri\u00f3 sus puertas este lunes con una gran noche de gala. La jornada cont\u00f3 con la presencia destacada del presidente de la [&hellip;]<\/p>\n","protected":false},"author":1,"featured_media":8367,"comment_status":"open","ping_status":"open","sticky":false,"template":"","format":"standard","meta":{"_et_pb_use_builder":"","_et_pb_old_content":"","_et_gb_content_width":"","footnotes":""},"categories":[11,33],"tags":[],"class_list":["post-8366","post","type-post","status-publish","format-standard","has-post-thumbnail","hentry","category-ciudad","category-sociedad-y-cultura-2"],"_links":{"self":[{"href":"https:\/\/vocesdebaires.com.ar\/index.php\/wp-json\/wp\/v2\/posts\/8366"}],"collection":[{"href":"https:\/\/vocesdebaires.com.ar\/index.php\/wp-json\/wp\/v2\/posts"}],"about":[{"href":"https:\/\/vocesdebaires.com.ar\/index.php\/wp-json\/wp\/v2\/types\/post"}],"author":[{"embeddable":true,"href":"https:\/\/vocesdebaires.com.ar\/index.php\/wp-json\/wp\/v2\/users\/1"}],"replies":[{"embeddable":true,"href":"https:\/\/vocesdebaires.com.ar\/index.php\/wp-json\/wp\/v2\/comments?post=8366"}],"version-history":[{"count":0,"href":"https:\/\/vocesdebaires.com.ar\/index.php\/wp-json\/wp\/v2\/posts\/8366\/revisions"}],"wp:featuredmedia":[{"embeddable":true,"href":"https:\/\/vocesdebaires.com.ar\/index.php\/wp-json\/wp\/v2\/media\/8367"}],"wp:attachment":[{"href":"https:\/\/vocesdebaires.com.ar\/index.php\/wp-json\/wp\/v2\/media?parent=8366"}],"wp:term":[{"taxonomy":"category","embeddable":true,"href":"https:\/\/vocesdebaires.com.ar\/index.php\/wp-json\/wp\/v2\/categories?post=8366"},{"taxonomy":"post_tag","embeddable":true,"href":"https:\/\/vocesdebaires.com.ar\/index.php\/wp-json\/wp\/v2\/tags?post=8366"}],"curies":[{"name":"wp","href":"https:\/\/api.w.org\/{rel}","templated":true}]}}