{"id":8368,"date":"2017-05-30T14:03:45","date_gmt":"2017-05-30T17:03:45","guid":{"rendered":"http:\/\/vocesdebaires.com.ar\/wordpress\/index.php\/2017\/05\/30\/larreta-lanzamiento-nominatividad-de-celulares\/"},"modified":"2017-05-30T14:03:45","modified_gmt":"2017-05-30T17:03:45","slug":"larreta-lanzamiento-nominatividad-de-celulares","status":"publish","type":"post","link":"https:\/\/vocesdebaires.com.ar\/index.php\/2017\/05\/30\/larreta-lanzamiento-nominatividad-de-celulares\/","title":{"rendered":"Larreta: Lanzamiento  nominatividad de celulares"},"content":{"rendered":"<p>\u00a0<br \/>\nEl jefe de Gobierno porte\u00f1o, Horacio Rodr\u00edguez Larreta, particip\u00f3 junto a la ministra de Seguridad de la Naci\u00f3n, Patricia Bullrich, del lanzamiento del plan nacional de nominatividad de tel\u00e9fonos celulares.\u201cEsto es una muestra m\u00e1s de lo que podemos hacer trabajando en equipo. Esto se viene trabajando hace tiempo como una iniciativa del Ministerio de Seguridad y el de Comunicaciones y lo llevamos ahora a la pr\u00e1ctica tanto desde la Ciudad como desde la Provincia\u201d, destac\u00f3 Rodr\u00edguez Larreta.<br \/>\nLa iniciativa implica que cada l\u00ednea deber\u00e1 estar asociada a un propietario a trav\u00e9s de datos personales e intransferibles como nombre, apellido, DNI y direcci\u00f3n. El objetivo es impedir el uso, la comercializaci\u00f3n, importaci\u00f3n y exportaci\u00f3n de tel\u00e9fonos celulares obtenidos a partir de maniobras delictivas o fraudulentas.Al respecto, el Jefe de Gobierno asegur\u00f3 que esta medida \u201cclaramente apunta a desmotivar el robo\u201d y sostuvo que \u201cpara eso es importante que la gente denuncie\u201d, porque \u201ccada tel\u00e9fono est\u00e1 asociado al nombre de su due\u00f1o y no se va a poder usar m\u00e1s\u201d una vez que se hizo la denuncia.<br \/>\n\u201cEstamos seguros que es un paso para reducir uno de los delitos que m\u00e1s cantidad se ve en el pa\u00eds, que es el robo de celulares\u201d, expres\u00f3.En l\u00ednea con Rodr\u00edguez Larreta, Bullrich destac\u00f3 que \u201cuno de los problemas m\u00e1s serios que tenemos en seguridad es el robo de celulares\u201d y que \u201csi bien ha bajado en un 20%, se roban unos 4.700 celulares por d\u00eda en el pa\u00eds\u201d.Para eso, el gobierno nacional se propuso \u201carmar un sistema que proteja a la gente y que por otro lado anule totalmente los celulares robados para que estos no puedan entrar al mercado de venta nuevamente y sean reciclados y vendidos a la gente como si fueran celulares usados\u201d.<br \/>\n\u201cEstamos planteando que todo tel\u00e9fono celular que es robado, no va a poder reutilizarse. La gente va a marcar *910 y el tel\u00e9fono va a quedar anulado\u201d, record\u00f3 la ministra.Las compa\u00f1\u00edas prestadoras del servicio tendr\u00e1n que nominar y validar todas las l\u00edneas de tel\u00e9fono y datos celulares que est\u00e9n activas en el territorio nacional.De su parte, los usuarios tendr\u00e1n que validar su identidad como titulares para activar sus l\u00edneas, nuevas y antiguas, en cualquiera de las modalidades: prepago, postpago y mixto. De esta manera, el 100% de los usuarios va a tener la posibilidad de recuperar su n\u00famero en caso de p\u00e9rdida o robo.<br \/>\nA la presentaci\u00f3n del plan tambi\u00e9n asistieron el ministro de Comunicaciones de la Naci\u00f3n, Oscar Aguad; los secretarios de Seguridad nacional e Interior, Eugenio Burzaco y Gerardo Milman, respectivamente; el ministro de Seguridad bonaerense, Cristian Ritondo, y el ministro de Justicia y Seguridad porte\u00f1o, Mart\u00edn Ocampo.A su turno, Aguad tambi\u00e9n destac\u00f3 que \u201ctrabajar en equipo es la clave\u201d ya que \u201cno podemos imaginar un pa\u00eds donde la provincia y la Ciudad Aut\u00f3noma de Buenos Aires no se puedan poner de acuerdo con la Naci\u00f3n\u201d.<br \/>\nEn referencia a la medida, el funcionario nacional le pidi\u00f3 a los usuarios que \u201cno compren celulares robados, primero, porque son potenciales v\u00edctimas de un delito y despu\u00e9s porque no colaboran para que nosotros podamos terminar con esta pr\u00e1ctica horrenda\u201d.Por su parte, Ritondo precis\u00f3 que \u201cva a haber una gran campa\u00f1a de difusi\u00f3n en distintos puntos del pa\u00eds organizada por el Ministerio de Seguridad de la Naci\u00f3n que vamos a acompa\u00f1ar en la provincia de Buenos Aires\u201d.<br \/>\nEl objetivo es impedir el uso, la comercializaci\u00f3n, importaci\u00f3n y exportaci\u00f3n de tel\u00e9fonos celulares obtenidos a partir de maniobras delictivas o fraudulentas. A partir de esta resoluci\u00f3n del ENACOM, ante un robo o extrav\u00edo se va a poder identificar la l\u00ednea y a su titular.Los tel\u00e9fonos registrados no van a poder funcionar con otro chip, por lo tanto no servir\u00e1n para su reventa. Haciendo que todos los equipos sean bloqueables, se desalienta la reventa y se priva de telefon\u00eda an\u00f3nima a las bandas dedicadas al delito complejo.<br \/>\nAdem\u00e1s, se abre la posibilidad de recuperar el aparato, porque en los operativos de seguridad diarios en locales de venta irregular se encuentran dispositivos denunciados que ahora van a poder ser identificados y f\u00e1cilmente devueltos a sus leg\u00edtimos due\u00f1os.Es importante que los usuarios hagan la denuncia inmediatamente despu\u00e9s de ocurrido un robo, hurto o extrav\u00edo, marcando *910. Una operadora tomar\u00e1 la denuncia y proceder\u00e1 a bloquear la l\u00ednea y el equipo de inmediato .<\/p>\n","protected":false},"excerpt":{"rendered":"<p>\u00a0 El jefe de Gobierno porte\u00f1o, Horacio Rodr\u00edguez Larreta, particip\u00f3 junto a la ministra de Seguridad de la Naci\u00f3n, Patricia Bullrich, del lanzamiento del plan nacional de nominatividad de tel\u00e9fonos celulares.\u201cEsto es una muestra m\u00e1s de lo que podemos hacer trabajando en equipo. Esto se viene trabajando hace tiempo como una iniciativa del Ministerio de [&hellip;]<\/p>\n","protected":false},"author":1,"featured_media":8369,"comment_status":"open","ping_status":"open","sticky":false,"template":"","format":"standard","meta":{"_et_pb_use_builder":"","_et_pb_old_content":"","_et_gb_content_width":"","footnotes":""},"categories":[11,32],"tags":[],"class_list":["post-8368","post","type-post","status-publish","format-standard","has-post-thumbnail","hentry","category-ciudad","category-comunas"],"_links":{"self":[{"href":"https:\/\/vocesdebaires.com.ar\/index.php\/wp-json\/wp\/v2\/posts\/8368"}],"collection":[{"href":"https:\/\/vocesdebaires.com.ar\/index.php\/wp-json\/wp\/v2\/posts"}],"about":[{"href":"https:\/\/vocesdebaires.com.ar\/index.php\/wp-json\/wp\/v2\/types\/post"}],"author":[{"embeddable":true,"href":"https:\/\/vocesdebaires.com.ar\/index.php\/wp-json\/wp\/v2\/users\/1"}],"replies":[{"embeddable":true,"href":"https:\/\/vocesdebaires.com.ar\/index.php\/wp-json\/wp\/v2\/comments?post=8368"}],"version-history":[{"count":0,"href":"https:\/\/vocesdebaires.com.ar\/index.php\/wp-json\/wp\/v2\/posts\/8368\/revisions"}],"wp:featuredmedia":[{"embeddable":true,"href":"https:\/\/vocesdebaires.com.ar\/index.php\/wp-json\/wp\/v2\/media\/8369"}],"wp:attachment":[{"href":"https:\/\/vocesdebaires.com.ar\/index.php\/wp-json\/wp\/v2\/media?parent=8368"}],"wp:term":[{"taxonomy":"category","embeddable":true,"href":"https:\/\/vocesdebaires.com.ar\/index.php\/wp-json\/wp\/v2\/categories?post=8368"},{"taxonomy":"post_tag","embeddable":true,"href":"https:\/\/vocesdebaires.com.ar\/index.php\/wp-json\/wp\/v2\/tags?post=8368"}],"curies":[{"name":"wp","href":"https:\/\/api.w.org\/{rel}","templated":true}]}}