{"id":8370,"date":"2017-05-30T13:59:32","date_gmt":"2017-05-30T16:59:32","guid":{"rendered":"http:\/\/vocesdebaires.com.ar\/wordpress\/index.php\/2017\/05\/30\/la-plata-vidal-mantuvo-encuentro-con-vecinos\/"},"modified":"2017-05-30T13:59:32","modified_gmt":"2017-05-30T16:59:32","slug":"la-plata-vidal-mantuvo-encuentro-con-vecinos","status":"publish","type":"post","link":"https:\/\/vocesdebaires.com.ar\/index.php\/2017\/05\/30\/la-plata-vidal-mantuvo-encuentro-con-vecinos\/","title":{"rendered":"La Plata: Vidal mantuvo encuentro con vecinos"},"content":{"rendered":"<p>\u00a0<br \/>\nLa gobernadora bonaerense , Mar\u00eda Eugenia Vidal, se reuni\u00f3 ayer con vecinos de la localidad de Altos de San Lorenzo, en el partido de La Plata, para conocer sus necesidades y expectativas.Vidal visit\u00f3 la vivienda de Belinda y Mauricio, quienes tienen tres hijos y hace cuatro a\u00f1os sufrieron la inundaci\u00f3n de su hogar durante las crecidas que afectaron la capital provincial.<br \/>\nLa gobernadora resalt\u00f3 que &quot;lo importante es decirle a la gente la verdad: las obras estructurales llevan a\u00f1os. A fin de 2017 vamos a terminar una parte de las obras fundamentales para que La Plata no vuelva a inundarse. Nuestro compromiso es finalizarlas y estar siempre&quot;.&quot;Son tiempos de pelea, de las que valen la pena. Todo se logra con esfuerzo y compromiso. Trabajamos para lograr un pa\u00eds con igualdad de oportunidades&quot;, sostuvo Vidal durante la charla.<\/p>\n","protected":false},"excerpt":{"rendered":"<p>\u00a0 La gobernadora bonaerense , Mar\u00eda Eugenia Vidal, se reuni\u00f3 ayer con vecinos de la localidad de Altos de San Lorenzo, en el partido de La Plata, para conocer sus necesidades y expectativas.Vidal visit\u00f3 la vivienda de Belinda y Mauricio, quienes tienen tres hijos y hace cuatro a\u00f1os sufrieron la inundaci\u00f3n de su hogar durante [&hellip;]<\/p>\n","protected":false},"author":1,"featured_media":8371,"comment_status":"open","ping_status":"open","sticky":false,"template":"","format":"standard","meta":{"_et_pb_use_builder":"","_et_pb_old_content":"","_et_gb_content_width":"","footnotes":""},"categories":[34,13],"tags":[],"class_list":["post-8370","post","type-post","status-publish","format-standard","has-post-thumbnail","hentry","category-politica","category-provincia"],"_links":{"self":[{"href":"https:\/\/vocesdebaires.com.ar\/index.php\/wp-json\/wp\/v2\/posts\/8370"}],"collection":[{"href":"https:\/\/vocesdebaires.com.ar\/index.php\/wp-json\/wp\/v2\/posts"}],"about":[{"href":"https:\/\/vocesdebaires.com.ar\/index.php\/wp-json\/wp\/v2\/types\/post"}],"author":[{"embeddable":true,"href":"https:\/\/vocesdebaires.com.ar\/index.php\/wp-json\/wp\/v2\/users\/1"}],"replies":[{"embeddable":true,"href":"https:\/\/vocesdebaires.com.ar\/index.php\/wp-json\/wp\/v2\/comments?post=8370"}],"version-history":[{"count":0,"href":"https:\/\/vocesdebaires.com.ar\/index.php\/wp-json\/wp\/v2\/posts\/8370\/revisions"}],"wp:featuredmedia":[{"embeddable":true,"href":"https:\/\/vocesdebaires.com.ar\/index.php\/wp-json\/wp\/v2\/media\/8371"}],"wp:attachment":[{"href":"https:\/\/vocesdebaires.com.ar\/index.php\/wp-json\/wp\/v2\/media?parent=8370"}],"wp:term":[{"taxonomy":"category","embeddable":true,"href":"https:\/\/vocesdebaires.com.ar\/index.php\/wp-json\/wp\/v2\/categories?post=8370"},{"taxonomy":"post_tag","embeddable":true,"href":"https:\/\/vocesdebaires.com.ar\/index.php\/wp-json\/wp\/v2\/tags?post=8370"}],"curies":[{"name":"wp","href":"https:\/\/api.w.org\/{rel}","templated":true}]}}