{"id":8372,"date":"2017-05-30T13:53:04","date_gmt":"2017-05-30T16:53:04","guid":{"rendered":"http:\/\/vocesdebaires.com.ar\/wordpress\/index.php\/2017\/05\/30\/molina-el-dinero-va-a-obra-publica\/"},"modified":"2017-05-30T13:53:04","modified_gmt":"2017-05-30T16:53:04","slug":"molina-el-dinero-va-a-obra-publica","status":"publish","type":"post","link":"https:\/\/vocesdebaires.com.ar\/index.php\/2017\/05\/30\/molina-el-dinero-va-a-obra-publica\/","title":{"rendered":"Molina: &quot;El dinero va a obra p\u00fablica&quot;"},"content":{"rendered":"<p>\u00a0<br \/>\nEl intendente de Quilmes, Martiniano Molina, se refiri\u00f3 al panorama pol\u00edtico frente a las pr\u00f3ximas elecciones y calific\u00f3 a Cambiemos como \u201cun nuevo espacio que se define por personas que comparten los valores de decir la verdad, estar cerca, ser claros con el mensaje y hacer lo que se comprometieron a hacer\u201d. En tanto, al diferenciar a la oposici\u00f3n sostuvo que \u201cpor otro lado hay un sistema pol\u00edtico que oper\u00f3 durante las \u00faltimas d\u00e9cadas en la Argentina, que ya ha demostrado lo que fue capaz y lo que es incapaz de hacer. Todo el dinero que hoy est\u00e1 yendo a la obra p\u00fablica hab\u00eda terminado en los bolsillos de much\u00edsimos funcionarios. M\u00e1s all\u00e1 de las distintas personas que hayan compuesto estos espacios, eso es lo m\u00e1s claro que podemos decir\u201d.<br \/>\nEl jefe comunal resalt\u00f3 que el frente del cual forma parte \u201ces un espacio amplio, que sigue creciendo, que incorpora fuerzas de distintos \u00e1mbitos, inclusive personas que no ven\u00edan de la pol\u00edtica. Radicalismo, Coalici\u00f3n C\u00edvica, Vecinalismo, Fe; todos compartimos los mismos valores; esa coincidencia es la clave, y creo que queda muy claro hacia d\u00f3nde vamos\u201d.<br \/>\nPor otro lado, Molina se refiri\u00f3 a la mesa de Cambiemos de la Tercera secci\u00f3n, recientemente lanzada de cara a los comicios que se aproximan y resalt\u00f3: \u201cen la elecci\u00f3n del 2015 ganamos en Quilmes, en Lan\u00fas; hoy la Provincia est\u00e1 gobernada por 70 intendentes de Cambiemos, del total de 135; no es algo menor. Ya hemos demostrado que podemos seguir avanzando y evolucionando, y creemos que nuestra pr\u00f3xima elecci\u00f3n va a ser muy buena\u201d. Al ser consultado por la prensa sobre el papel que jugar\u00e1 en el armado de lista junto con N\u00e9stor Grindetti, intendente de Lan\u00fas, Molina consider\u00f3 que \u201ces un poco prematuro hablar de esto. L\u00f3gicamente, nosotros tenemos un peso importante sobre la Tercera secci\u00f3n, pero ac\u00e1 se charla absolutamente todo, \u00e9ste es un espacio que dialoga con todos. Como dijo Mar\u00eda Eugenia Vidal, todav\u00eda falta un poco para la definici\u00f3n\u201d.<br \/>\nEl intendente Quilme\u00f1o tambi\u00e9n hizo referencia a los nombres que se manejan dentro del espacio como posibles candidatos -Esteban Bullrich, Gladys Gonz\u00e1lez, Facundo Manes, \u201cToty\u201d Flores y Marisel Echecoin- y sostuvo que \u201cellos representan los valores del espacio, as\u00ed que estoy muy tranquilo. Sobre todas las cosas, y m\u00e1s all\u00e1 de las personas, est\u00e1 Cambiemos. Creo que es muy claro lo que decimos y lo que hacemos, y que se ve la armon\u00eda y la integraci\u00f3n que hay dentro del frente\u201d. Por \u00faltimo, con respecto a una posible reelecci\u00f3n dentro de dos a\u00f1os, Molina fue categ\u00f3rico: \u201cEstoy enfocado en la gesti\u00f3n, que es la mejor campa\u00f1a que podemos hacer, y lo cre\u00eda antes de participar en pol\u00edtica. Esto se va a decidir mucho m\u00e1s adelante; si todav\u00eda no est\u00e1n cerradas las listas para esta elecci\u00f3n, imag\u00ednense lo que falta para 2019\u201d.<\/p>\n","protected":false},"excerpt":{"rendered":"<p>\u00a0 El intendente de Quilmes, Martiniano Molina, se refiri\u00f3 al panorama pol\u00edtico frente a las pr\u00f3ximas elecciones y calific\u00f3 a Cambiemos como \u201cun nuevo espacio que se define por personas que comparten los valores de decir la verdad, estar cerca, ser claros con el mensaje y hacer lo que se comprometieron a hacer\u201d. En tanto, [&hellip;]<\/p>\n","protected":false},"author":1,"featured_media":8373,"comment_status":"open","ping_status":"open","sticky":false,"template":"","format":"standard","meta":{"_et_pb_use_builder":"","_et_pb_old_content":"","_et_gb_content_width":"","footnotes":""},"categories":[34,13],"tags":[],"class_list":["post-8372","post","type-post","status-publish","format-standard","has-post-thumbnail","hentry","category-politica","category-provincia"],"_links":{"self":[{"href":"https:\/\/vocesdebaires.com.ar\/index.php\/wp-json\/wp\/v2\/posts\/8372"}],"collection":[{"href":"https:\/\/vocesdebaires.com.ar\/index.php\/wp-json\/wp\/v2\/posts"}],"about":[{"href":"https:\/\/vocesdebaires.com.ar\/index.php\/wp-json\/wp\/v2\/types\/post"}],"author":[{"embeddable":true,"href":"https:\/\/vocesdebaires.com.ar\/index.php\/wp-json\/wp\/v2\/users\/1"}],"replies":[{"embeddable":true,"href":"https:\/\/vocesdebaires.com.ar\/index.php\/wp-json\/wp\/v2\/comments?post=8372"}],"version-history":[{"count":0,"href":"https:\/\/vocesdebaires.com.ar\/index.php\/wp-json\/wp\/v2\/posts\/8372\/revisions"}],"wp:featuredmedia":[{"embeddable":true,"href":"https:\/\/vocesdebaires.com.ar\/index.php\/wp-json\/wp\/v2\/media\/8373"}],"wp:attachment":[{"href":"https:\/\/vocesdebaires.com.ar\/index.php\/wp-json\/wp\/v2\/media?parent=8372"}],"wp:term":[{"taxonomy":"category","embeddable":true,"href":"https:\/\/vocesdebaires.com.ar\/index.php\/wp-json\/wp\/v2\/categories?post=8372"},{"taxonomy":"post_tag","embeddable":true,"href":"https:\/\/vocesdebaires.com.ar\/index.php\/wp-json\/wp\/v2\/tags?post=8372"}],"curies":[{"name":"wp","href":"https:\/\/api.w.org\/{rel}","templated":true}]}}