{"id":8382,"date":"2017-05-29T03:00:00","date_gmt":"2017-05-29T06:00:00","guid":{"rendered":"http:\/\/vocesdebaires.com.ar\/wordpress\/index.php\/2017\/05\/29\/celebracion-de-reapertura-del-teatro-san-martin\/"},"modified":"2017-05-29T03:00:00","modified_gmt":"2017-05-29T06:00:00","slug":"celebracion-de-reapertura-del-teatro-san-martin","status":"publish","type":"post","link":"https:\/\/vocesdebaires.com.ar\/index.php\/2017\/05\/29\/celebracion-de-reapertura-del-teatro-san-martin\/","title":{"rendered":"Celebraci\u00f3n: De reapertura del Teatro San Mart\u00edn"},"content":{"rendered":"<p>\u00a0<br \/>\nEl jefe de Gobierno porte\u00f1o, Horacio Rodr\u00edguez Larreta, particip\u00f3\u00a0 del espect\u00e1culo multisensorial el pasado s\u00e1bado realizado sobre la avenida Corrientes como celebraci\u00f3n por la reapertura del Teatro San Mart\u00edn.Rodr\u00edguez Larreta destac\u00f3 que el San Mart\u00edn \u201ces el teatro, obviamente con el Col\u00f3n, m\u00e1s emblem\u00e1tico de la Ciudad de Buenos Aires\u201d y valor\u00f3 que el espacio vuelva a funcionar \u201cdespu\u00e9s de una obra enorme, la mayor obra de reacondicionamiento y recuperaci\u00f3n desde su inauguraci\u00f3n\u201d.<br \/>\n\u201cAdem\u00e1s, dijimos que iba a estar para el 25 de mayo y se cumpli\u00f3\u201d, sostuvo el Jefe de Gobierno, y agreg\u00f3, en cuanto al evento de reapertura, que \u201cla mejor manera es haci\u00e9ndolo con la gente, en la calle y que todos disfruten\u201d.Asimismo, valor\u00f3 que los trabajos de remodelaci\u00f3n se hayan realizado \u201cmanteniendo el edificio y el esp\u00edritu, sobre todo, que es lo m\u00e1s importante\u201d.En la celebraci\u00f3n tambi\u00e9n estuvieron presentes el ministro de Cultura de la Ciudad de Buenos Aires, \u00c1ngel Mahler, y el director del Complejo Teatral Buenos Aires, Jorge Telerman.<br \/>\nBajo la direcci\u00f3n general de Pich\u00f3n Baldinu, 300 artistas protagonizaron una obra durante la cual hizo un repaso por la historia del tradicional teatro, desde su concepci\u00f3n en 1953 (a cargo de los arquitectos Mario Roberto \u00c1lvarez y Alfredo Ruiz), hasta su inauguraci\u00f3n el 25 de mayo de 1960.Sobre un escenario de 15 metros de ancho por 8 de profundidad y una pasarela de 30 metros, participaron integrantes del Ballet Contempor\u00e1neo, el Grupo de Titiriteros y el Taller de Danza Contempor\u00e1nea, acompa\u00f1ados por actores, artistas a\u00e9reos, m\u00fasicos y t\u00e9cnicos.<br \/>\nPreviamente al show se proyect\u00f3 en pantallas una serie de im\u00e1genes de reconocidos actores como Roberto Carnaghi, Oscar Mart\u00ednez, Antonio Grimau, Juan Palomino, Horacio Roca, Eleonora Wexler, Muriel Santa Ana, Ingrid Pelicori, Horacio Pe\u00f1a, Pompeyo Audivert y Osmar N\u00fa\u00f1ez, entre otros, repasando celebrados fragmentos de obras en el interior del teatro.Cabe destacar que el pr\u00f3ximo lunes se realizar\u00e1 la Gala de Apertura durante la cual habr\u00e1 una presentaci\u00f3n especial del Ballet Contempor\u00e1neo del teatro, que interpretar\u00e1 un fragmento de la Novena Sinfon\u00eda de Ludwig van Beethoven, que ser\u00e1 uno de los pr\u00f3ximos estrenos del a\u00f1o de la compa\u00f1\u00eda. Adem\u00e1s, el Grupo de Titiriteros del San Mart\u00edn pondr\u00e1 en escena \u201cEl Gran Circo Criollo\u201d, una obra estrenada a fines de 1982.<br \/>\nLas obras de remodelaci\u00f3n del Teatro San Mart\u00edn comenzaron en 2014, cuando se trabaj\u00f3 sobre las cubiertas y se impermeabilizaron los muros exteriores y, a fines de ese mismo a\u00f1o, se renov\u00f3 la sala de ensayo de danza de ballet contempor\u00e1neo.Posteriormente, en 2015, se intervinieron las salas Leopoldo Lugones, Casacuberta y Mart\u00edn Coronado (la principal del complejo), que se recuperaron por completo a trav\u00e9s de la colocaci\u00f3n de nuevas alfombras, la retapizaci\u00f3n de butacas, la modernizaci\u00f3n de los sistemas el\u00e9ctricos y de se\u00f1alizaci\u00f3n y con la renovaci\u00f3n de los revestimientos ac\u00fasticos.<br \/>\nPara acelerar los tiempos de obra, el a\u00f1o pasado se cerr\u00f3 el tradicional complejo de la avenida Corrientes y se inici\u00f3 la etapa final de la puesta en valor, con la recuperaci\u00f3n y adecuaci\u00f3n tecnol\u00f3gica de las \u00e1reas principales, complementarias y de servicios, los halls, camarines, n\u00facleos sanitarios, circulaciones verticales y horizontales y dem\u00e1s sectores t\u00e9cnicos de apoyo. Pese al cierre del teatro, el a\u00f1o pasado se lanz\u00f3 el programa \u201cEl San Mart\u00edn en los Barrios\u201d, en un despliegue in\u00e9dito que convoc\u00f3 a vecinos de todas las edades a compartir obras de teatro, m\u00fasica, danza, cine y arte de excelencia con entrada gratuita.<\/p>\n","protected":false},"excerpt":{"rendered":"<p>\u00a0 El jefe de Gobierno porte\u00f1o, Horacio Rodr\u00edguez Larreta, particip\u00f3\u00a0 del espect\u00e1culo multisensorial el pasado s\u00e1bado realizado sobre la avenida Corrientes como celebraci\u00f3n por la reapertura del Teatro San Mart\u00edn.Rodr\u00edguez Larreta destac\u00f3 que el San Mart\u00edn \u201ces el teatro, obviamente con el Col\u00f3n, m\u00e1s emblem\u00e1tico de la Ciudad de Buenos Aires\u201d y valor\u00f3 que el [&hellip;]<\/p>\n","protected":false},"author":1,"featured_media":8383,"comment_status":"open","ping_status":"open","sticky":false,"template":"","format":"standard","meta":{"_et_pb_use_builder":"","_et_pb_old_content":"","_et_gb_content_width":"","footnotes":""},"categories":[11,32],"tags":[],"class_list":["post-8382","post","type-post","status-publish","format-standard","has-post-thumbnail","hentry","category-ciudad","category-comunas"],"_links":{"self":[{"href":"https:\/\/vocesdebaires.com.ar\/index.php\/wp-json\/wp\/v2\/posts\/8382"}],"collection":[{"href":"https:\/\/vocesdebaires.com.ar\/index.php\/wp-json\/wp\/v2\/posts"}],"about":[{"href":"https:\/\/vocesdebaires.com.ar\/index.php\/wp-json\/wp\/v2\/types\/post"}],"author":[{"embeddable":true,"href":"https:\/\/vocesdebaires.com.ar\/index.php\/wp-json\/wp\/v2\/users\/1"}],"replies":[{"embeddable":true,"href":"https:\/\/vocesdebaires.com.ar\/index.php\/wp-json\/wp\/v2\/comments?post=8382"}],"version-history":[{"count":0,"href":"https:\/\/vocesdebaires.com.ar\/index.php\/wp-json\/wp\/v2\/posts\/8382\/revisions"}],"wp:featuredmedia":[{"embeddable":true,"href":"https:\/\/vocesdebaires.com.ar\/index.php\/wp-json\/wp\/v2\/media\/8383"}],"wp:attachment":[{"href":"https:\/\/vocesdebaires.com.ar\/index.php\/wp-json\/wp\/v2\/media?parent=8382"}],"wp:term":[{"taxonomy":"category","embeddable":true,"href":"https:\/\/vocesdebaires.com.ar\/index.php\/wp-json\/wp\/v2\/categories?post=8382"},{"taxonomy":"post_tag","embeddable":true,"href":"https:\/\/vocesdebaires.com.ar\/index.php\/wp-json\/wp\/v2\/tags?post=8382"}],"curies":[{"name":"wp","href":"https:\/\/api.w.org\/{rel}","templated":true}]}}