{"id":8392,"date":"2017-05-26T03:00:00","date_gmt":"2017-05-26T06:00:00","guid":{"rendered":"http:\/\/vocesdebaires.com.ar\/wordpress\/index.php\/2017\/05\/26\/luz-verde-a-un-acuerdo-interjurisdiccional\/"},"modified":"2017-05-26T03:00:00","modified_gmt":"2017-05-26T06:00:00","slug":"luz-verde-a-un-acuerdo-interjurisdiccional","status":"publish","type":"post","link":"https:\/\/vocesdebaires.com.ar\/index.php\/2017\/05\/26\/luz-verde-a-un-acuerdo-interjurisdiccional\/","title":{"rendered":"Luz verde a un acuerdo interjurisdiccional"},"content":{"rendered":"<p>\u00a0<br \/>\nLa Comisi\u00f3n parlamentaria de Relaciones Interjurisdiccionales produjo un dictamen favorable al Acuerdo de financiamiento y colaboraci\u00f3n entre el Estado Nacional, la Administraci\u00f3n Federal de Ingresos P\u00fablicos -AFIP- y el Gobierno porte\u00f1o formalizado el pasado 30 de marzo.El pacto tiene como objeto el financiamiento de los gastos que le irrogan -es decir, que le ocasionan da\u00f1o, perjuicios o p\u00e9rdidas- a la AFIP la recaudaci\u00f3n de los impuestos nacionales.<br \/>\nPor otra parte, otorga a la Ciudad Aut\u00f3noma de Buenos Aires un plan de facilidades de pago por las deudas que registre con la AFIP en concepto de contribuciones patronales con destino al Sistema Integrado Previsional Argentino (SIPA) &#8211; Ley N\u00b0 24.241 y sus modificaciones, correspondientes a remuneraciones devengadas del 1 de julio de 2001 al 30 de abril de 2016, originadas en diferencias resultantes entre los montos ingresados por aplicaci\u00f3n de alicuotas reducidas previstas por el Decreto N\u00b0 814-PE-2001 y sus modificaciones y los que, conforme a la normativa vigente el organismo federal considera conveniente ingresar.<br \/>\nEl documento fue suscrito el 30 de marzo \u00faltimo entre el Estado Nacional a trav\u00e9s del Jefe de Gabinete de Ministros, Lic, Marcos Pe\u00f1a y el Ministro de Hacienda de la Naci\u00f3n, Lic. Nicol\u00e1s Dujovne; por la AFIP &#8211; organismo aut\u00e1rquico en el \u00e1mbito del Ministerio de Hacienda &#8211; el Dr. Alberto Abad y el GCABA representado por el Jefe de Gobierno Lic Horacio Rodr\u00edguez Larreta. Mediante el Mensaje 15 del lunes 10 de abril el Poder Ejecutivo lo elev\u00f3 a la Legislatura.<br \/>\nLa reuni\u00f3n que se realiz\u00f3 en la sala &quot;Arturo Jauretche&quot; fue presidida por el diputado Juan Francisco Nosiglia (SUMA+) y cont\u00f3 con la asistencia de sus pares, el vicepresidente I Eduardo Santamarina y los vocales Clodomiro Risau, Omar Abboud y Gabriel Sahonero (PRO). El asunto con el prop\u00f3sito que sea aprobado, tiene pedido de tratamiento preferencial solicitado por el oficialismo para la sesi\u00f3n ordinaria del jueves 1 de junio.<\/p>\n","protected":false},"excerpt":{"rendered":"<p>\u00a0 La Comisi\u00f3n parlamentaria de Relaciones Interjurisdiccionales produjo un dictamen favorable al Acuerdo de financiamiento y colaboraci\u00f3n entre el Estado Nacional, la Administraci\u00f3n Federal de Ingresos P\u00fablicos -AFIP- y el Gobierno porte\u00f1o formalizado el pasado 30 de marzo.El pacto tiene como objeto el financiamiento de los gastos que le irrogan -es decir, que le ocasionan [&hellip;]<\/p>\n","protected":false},"author":1,"featured_media":8393,"comment_status":"open","ping_status":"open","sticky":false,"template":"","format":"standard","meta":{"_et_pb_use_builder":"","_et_pb_old_content":"","_et_gb_content_width":"","footnotes":""},"categories":[11,32],"tags":[],"class_list":["post-8392","post","type-post","status-publish","format-standard","has-post-thumbnail","hentry","category-ciudad","category-comunas"],"_links":{"self":[{"href":"https:\/\/vocesdebaires.com.ar\/index.php\/wp-json\/wp\/v2\/posts\/8392"}],"collection":[{"href":"https:\/\/vocesdebaires.com.ar\/index.php\/wp-json\/wp\/v2\/posts"}],"about":[{"href":"https:\/\/vocesdebaires.com.ar\/index.php\/wp-json\/wp\/v2\/types\/post"}],"author":[{"embeddable":true,"href":"https:\/\/vocesdebaires.com.ar\/index.php\/wp-json\/wp\/v2\/users\/1"}],"replies":[{"embeddable":true,"href":"https:\/\/vocesdebaires.com.ar\/index.php\/wp-json\/wp\/v2\/comments?post=8392"}],"version-history":[{"count":0,"href":"https:\/\/vocesdebaires.com.ar\/index.php\/wp-json\/wp\/v2\/posts\/8392\/revisions"}],"wp:featuredmedia":[{"embeddable":true,"href":"https:\/\/vocesdebaires.com.ar\/index.php\/wp-json\/wp\/v2\/media\/8393"}],"wp:attachment":[{"href":"https:\/\/vocesdebaires.com.ar\/index.php\/wp-json\/wp\/v2\/media?parent=8392"}],"wp:term":[{"taxonomy":"category","embeddable":true,"href":"https:\/\/vocesdebaires.com.ar\/index.php\/wp-json\/wp\/v2\/categories?post=8392"},{"taxonomy":"post_tag","embeddable":true,"href":"https:\/\/vocesdebaires.com.ar\/index.php\/wp-json\/wp\/v2\/tags?post=8392"}],"curies":[{"name":"wp","href":"https:\/\/api.w.org\/{rel}","templated":true}]}}