{"id":8398,"date":"2017-05-26T03:00:00","date_gmt":"2017-05-26T06:00:00","guid":{"rendered":"http:\/\/vocesdebaires.com.ar\/wordpress\/index.php\/2017\/05\/26\/concurso-literario-yo-te-cuento-buenos-aires\/"},"modified":"2017-05-26T03:00:00","modified_gmt":"2017-05-26T06:00:00","slug":"concurso-literario-yo-te-cuento-buenos-aires","status":"publish","type":"post","link":"https:\/\/vocesdebaires.com.ar\/index.php\/2017\/05\/26\/concurso-literario-yo-te-cuento-buenos-aires\/","title":{"rendered":"Concurso Literario \u201cYo te cuento Buenos Aires\u201d"},"content":{"rendered":"<p>\u201cYo te cuento Buenos Aires VII\u201d es un proyecto de la Legislatura de la Ciudad Aut\u00f3noma de Buenos Aires que se propone mediante un concurso, la publicaci\u00f3n de una antolog\u00eda de 26 cuentos de narradores in\u00e9ditos argentinos. Los cuentos seleccionados deber\u00e1n narrar una historia de ficci\u00f3n de tema libre que ocurra en la ciudad de Buenos Aires y que est\u00e9 enmarcada en alg\u00fan barrio de la ciudad con calles reconocibles.<br \/>\nEn las Bases se establece que las obras ser\u00e1n originales e in\u00e9ditas, no premiadas anteriormente ni presentadas simult\u00e1neamente en ning\u00fan otro concurso, fij\u00e1ndose como fecha tope de recepci\u00f3n de los textos el jueves 1 de junio de 2017 en la Sala de Exposiciones, subsuelo o en la oficina 8, planta principal. Los resultados del concurso se har\u00e1n p\u00fablicos a fines del mes de agosto a trav\u00e9s de la p\u00e1gina web de la Legislatura porte\u00f1a y de otros medios de comunicaci\u00f3n.<br \/>\nSe elegir\u00e1n 26 cuentos. El premio ser\u00e1 la publicaci\u00f3n del cuento seleccionado, en la Antolog\u00eda YO TE CUENTO BUENOS AIRES VII. Se establece un primero, segundo y tercer premio y cuatro menciones de honor para los siete. Los 26 cuentos seleccionados ser\u00e1n los que consigan la mayor\u00eda de votos de los miembros del jurado. En el mes de mayo de 2018 se presentar\u00e1 la Antolog\u00eda en la Feria del Libro. Los ejemplares previstos se repartir\u00e1n gratuitamente en aeropuertos, casetas de turismo, bares notables y bibliotecas.<br \/>\nHace link ac\u00e1 para la informaci\u00f3n de la base del concurso : <a href=\"http:\/\/www.legislatura.gov.ar\/noti_ver.php?ver=6134&quot;&gt;http:\/\/www.legislatura.gov.ar\/noti_ver.php?ver=6134<\/a><\/p>\n","protected":false},"excerpt":{"rendered":"<p>\u201cYo te cuento Buenos Aires VII\u201d es un proyecto de la Legislatura de la Ciudad Aut\u00f3noma de Buenos Aires que se propone mediante un concurso, la publicaci\u00f3n de una antolog\u00eda de 26 cuentos de narradores in\u00e9ditos argentinos. Los cuentos seleccionados deber\u00e1n narrar una historia de ficci\u00f3n de tema libre que ocurra en la ciudad de [&hellip;]<\/p>\n","protected":false},"author":1,"featured_media":8399,"comment_status":"open","ping_status":"open","sticky":false,"template":"","format":"standard","meta":{"_et_pb_use_builder":"","_et_pb_old_content":"","_et_gb_content_width":"","footnotes":""},"categories":[11,33],"tags":[],"class_list":["post-8398","post","type-post","status-publish","format-standard","has-post-thumbnail","hentry","category-ciudad","category-sociedad-y-cultura-2"],"_links":{"self":[{"href":"https:\/\/vocesdebaires.com.ar\/index.php\/wp-json\/wp\/v2\/posts\/8398"}],"collection":[{"href":"https:\/\/vocesdebaires.com.ar\/index.php\/wp-json\/wp\/v2\/posts"}],"about":[{"href":"https:\/\/vocesdebaires.com.ar\/index.php\/wp-json\/wp\/v2\/types\/post"}],"author":[{"embeddable":true,"href":"https:\/\/vocesdebaires.com.ar\/index.php\/wp-json\/wp\/v2\/users\/1"}],"replies":[{"embeddable":true,"href":"https:\/\/vocesdebaires.com.ar\/index.php\/wp-json\/wp\/v2\/comments?post=8398"}],"version-history":[{"count":0,"href":"https:\/\/vocesdebaires.com.ar\/index.php\/wp-json\/wp\/v2\/posts\/8398\/revisions"}],"wp:featuredmedia":[{"embeddable":true,"href":"https:\/\/vocesdebaires.com.ar\/index.php\/wp-json\/wp\/v2\/media\/8399"}],"wp:attachment":[{"href":"https:\/\/vocesdebaires.com.ar\/index.php\/wp-json\/wp\/v2\/media?parent=8398"}],"wp:term":[{"taxonomy":"category","embeddable":true,"href":"https:\/\/vocesdebaires.com.ar\/index.php\/wp-json\/wp\/v2\/categories?post=8398"},{"taxonomy":"post_tag","embeddable":true,"href":"https:\/\/vocesdebaires.com.ar\/index.php\/wp-json\/wp\/v2\/tags?post=8398"}],"curies":[{"name":"wp","href":"https:\/\/api.w.org\/{rel}","templated":true}]}}