{"id":8404,"date":"2017-05-25T04:07:40","date_gmt":"2017-05-25T07:07:40","guid":{"rendered":"http:\/\/vocesdebaires.com.ar\/wordpress\/index.php\/2017\/05\/25\/cronograma-servicios-feriado-25-de-mayo\/"},"modified":"2017-05-25T04:07:40","modified_gmt":"2017-05-25T07:07:40","slug":"cronograma-servicios-feriado-25-de-mayo","status":"publish","type":"post","link":"https:\/\/vocesdebaires.com.ar\/index.php\/2017\/05\/25\/cronograma-servicios-feriado-25-de-mayo\/","title":{"rendered":"Cronograma: Servicios, feriado 25 de mayo"},"content":{"rendered":"<p>\u00a0<br \/>\nEl Gobierno de la Ciudad Aut\u00f3noma de Buenos Aires informa el cronograma de servicios p\u00fablicos para el jueves 25 de mayo, feriado por el D\u00eda de la Revoluci\u00f3n de Mayo.<br \/>\nHospitales: Funcionar\u00e1n las guardias y el SAME<br \/>\nEscuelas: Cerradas<br \/>\nCementerios: Las inhumaciones en los cementerios de Chacarita, Flores, Recoleta y Crematorio de la Ciudad, se realizaran en el horario de 9 a 12 hs. al lugar de destino.<br \/>\nAdministraci\u00f3n Gubernamental de Ingresos P\u00fablicos y Direcci\u00f3n General de Rentas: Cerradas.<br \/>\nSedes Comunales: Cerradas.<br \/>\nRegistro Civil: Permanecer\u00e1 cerrado. Funcionar\u00e1 s\u00f3lo la guardia de defunciones de 8:30 a 12:30 hs.<br \/>\nRecolecci\u00f3n de residuos: Normal.<br \/>\nEstacionamiento: Se autoriza durante las 24 horas del jueves 25 de mayo el estacionamiento general de veh\u00edculos junto al cord\u00f3n de ambas aceras sobre las avenidas de la Ciudad donde habitualmente se encuentra prohibido estacionar en d\u00edas h\u00e1biles de 7.00 a 21.00 hs. a excepci\u00f3n de las\u200b \u200bAvenidas: \u200b9 de Julio, Perito Moreno, La R\u00e1bida, General Paz, Leopoldo Lugones, Intendente Cantilo, Teniente General Jos\u00e9 Luis Dellepiane, Ingeniero Huergo, Eduardo Madero, y tramos afectados por el Metrobus de las\u200b \u200bAvenidas Juan de Garay, Francisco\u200b \u200bFern\u00e1ndez de la Cruz, Chiclana, Brasil, Cnel. Roca, Intendente F. Rabanal, S\u00e1enz, S\u00e1nchez de Loria, Almafuerte, Juan B. Justo, Avenida Cabildo entre Avenida General Paz y Monroe y entre Roosevelt y Santos Dumont, y Avenida San Mart\u00edn entre la Avenida Mosconi y la Avenida Francisco Beir\u00f3.<br \/>\nEn aquellas arterias en las que funcione el sistema de estacionamiento medido, el mismo no tendr\u00e1 vigencia durante el jueves 25 de mayo.<br \/>\nEn los sectores donde la prohibici\u00f3n de estacionar rige las 24 horas, tal norma mantiene su vigencia durante el jueves 25 de mayo.<br \/>\nM\u00e1s informaci\u00f3n: <a href=\"http:\/\/estacionamiento.gob.ar\/&quot;&gt;http:\/\/estacionamiento.gob.ar\/<\/a><br \/>\nEcobici: Las estaciones autom\u00e1ticas funcionar\u00e1n con normalidad. Como todos los\u200b \u200b\u200bferiados y fines de semana, cada viaje puede extenderse por dos horas.<br \/>\nControles de alcoholemia: Rotativos en distintos puntos de la Ciudad.<br \/>\nRegistro de licencias para conducir: Sede Roca cerrada.<br \/>\nPista de aprendizaje: Abierta de 8 a 18 hs.<br \/>\nVerificaci\u00f3n T\u00e9cnica Vehicular: Las siete plantas permanecer\u00e1n cerradas.<br \/>\nDirecci\u00f3n General de Infracciones: No se atiende al p\u00fablico. Habr\u00e1 una guardia de 9 a 12 hs. s\u00f3lo para devolver los autos que son levantados en la v\u00eda p\u00fablica.<br \/>\nLog\u00edstica, Defensa Civil y Guardia de Auxilio y Emergencias + L\u00ednea 103: Guardias activas las 24 hs.<br \/>\nParques:<br \/>\nReserva Ecol\u00f3gica: Abierta de 8 a 18 hs. (excepto que llueva o haya vientos muy fuertes).<br \/>\nJard\u00edn Bot\u00e1nico: Abierto de 9.30 a 17.45 hs.<br \/>\nSarmiento, Belgrano (ex KDT) y Roca: Abiertos.<br \/>\nMuseos: Permanecer\u00e1n abiertos (salvo el Museo Gardel y el Museo del Cine que est\u00e1n cerrados por obra).<br \/>\nM\u00e1s informaci\u00f3n en: <a href=\"http:\/\/www.buenosaires.gob.ar\/museos&quot;&gt;http:\/\/www.buenosaires.gob.ar\/museos<\/a><br \/>\nTeatros dependientes del GCBA: Teatros Presidente Alvear, de la Ribera, Regio y Sarmiento cerrados. Teatro San Mart\u00edn abierto a partir de las 18 hs. celebrando su reapertura con un gran espect\u00e1culo con entrada libre y gratuita sobre la avenida Corrientes.<\/p>\n","protected":false},"excerpt":{"rendered":"<p>\u00a0 El Gobierno de la Ciudad Aut\u00f3noma de Buenos Aires informa el cronograma de servicios p\u00fablicos para el jueves 25 de mayo, feriado por el D\u00eda de la Revoluci\u00f3n de Mayo. Hospitales: Funcionar\u00e1n las guardias y el SAME Escuelas: Cerradas Cementerios: Las inhumaciones en los cementerios de Chacarita, Flores, Recoleta y Crematorio de la Ciudad, [&hellip;]<\/p>\n","protected":false},"author":1,"featured_media":8405,"comment_status":"open","ping_status":"open","sticky":false,"template":"","format":"standard","meta":{"_et_pb_use_builder":"","_et_pb_old_content":"","_et_gb_content_width":"","footnotes":""},"categories":[11,33],"tags":[],"class_list":["post-8404","post","type-post","status-publish","format-standard","has-post-thumbnail","hentry","category-ciudad","category-sociedad-y-cultura-2"],"_links":{"self":[{"href":"https:\/\/vocesdebaires.com.ar\/index.php\/wp-json\/wp\/v2\/posts\/8404"}],"collection":[{"href":"https:\/\/vocesdebaires.com.ar\/index.php\/wp-json\/wp\/v2\/posts"}],"about":[{"href":"https:\/\/vocesdebaires.com.ar\/index.php\/wp-json\/wp\/v2\/types\/post"}],"author":[{"embeddable":true,"href":"https:\/\/vocesdebaires.com.ar\/index.php\/wp-json\/wp\/v2\/users\/1"}],"replies":[{"embeddable":true,"href":"https:\/\/vocesdebaires.com.ar\/index.php\/wp-json\/wp\/v2\/comments?post=8404"}],"version-history":[{"count":0,"href":"https:\/\/vocesdebaires.com.ar\/index.php\/wp-json\/wp\/v2\/posts\/8404\/revisions"}],"wp:featuredmedia":[{"embeddable":true,"href":"https:\/\/vocesdebaires.com.ar\/index.php\/wp-json\/wp\/v2\/media\/8405"}],"wp:attachment":[{"href":"https:\/\/vocesdebaires.com.ar\/index.php\/wp-json\/wp\/v2\/media?parent=8404"}],"wp:term":[{"taxonomy":"category","embeddable":true,"href":"https:\/\/vocesdebaires.com.ar\/index.php\/wp-json\/wp\/v2\/categories?post=8404"},{"taxonomy":"post_tag","embeddable":true,"href":"https:\/\/vocesdebaires.com.ar\/index.php\/wp-json\/wp\/v2\/tags?post=8404"}],"curies":[{"name":"wp","href":"https:\/\/api.w.org\/{rel}","templated":true}]}}