{"id":8406,"date":"2017-05-25T04:03:46","date_gmt":"2017-05-25T07:03:46","guid":{"rendered":"http:\/\/vocesdebaires.com.ar\/wordpress\/index.php\/2017\/05\/25\/larreta-inauguro-un-centro-de-monitoreo\/"},"modified":"2017-05-25T04:03:46","modified_gmt":"2017-05-25T07:03:46","slug":"larreta-inauguro-un-centro-de-monitoreo","status":"publish","type":"post","link":"https:\/\/vocesdebaires.com.ar\/index.php\/2017\/05\/25\/larreta-inauguro-un-centro-de-monitoreo\/","title":{"rendered":"Larreta inaugur\u00f3 un centro de monitoreo"},"content":{"rendered":"<p>\u00a0<br \/>\nEl jefe de Gobierno porte\u00f1o, Horacio Rodr\u00edguez Larreta, inaugur\u00f3\u00a0 ayer un Centro de Monitoreo en las cercan\u00edas del Puente La Noria, el segundo del Anillo Digital en la zona sur de la Ciudad de Buenos Aires, que forma parte del Sistema Integral de Seguridad P\u00fablica (SSISP).Rodr\u00edguez Larreta explic\u00f3, en referencia al SSISP, que \u201cuno de los componentes m\u00e1s importantes es la incorporaci\u00f3n de tecnolog\u00eda y otro es el trabajo en equipo con la provincia de Buenos Aires\u201d, y consider\u00f3 que \u201choy ac\u00e1 tenemos un muy buen ejemplo de las dos cosas\u201d.<br \/>\n\u201cTodos sabemos que el l\u00edmite entre la provincia y la Ciudad ha sido un lugar hist\u00f3ricamente caliente en t\u00e9rminos de seguridad. Hoy estamos dando un avance en ese sentido\u201d, sostuvo el Jefe de Gobierno al tiempo que afirm\u00f3: \u201cPara nosotros es muy importante el cuidado de la gente y la incorporaci\u00f3n de tecnolog\u00eda\u201d.El nuevo centro cuenta con un sistema de gesti\u00f3n de im\u00e1genes que permite almacenar en una base de datos la patente, una imagen y la ubicaci\u00f3n del auto, o bien cargar una patente y que el sistema reporte si la detecta.<br \/>\nAdem\u00e1s, tiene un esquema de visualizaci\u00f3n de im\u00e1genes que consta de 10 puestos de control para los operadores y 2 puestos m\u00e1s para supervisi\u00f3n con 3 monitores cada uno. Y tambi\u00e9n un videowall formado por 32 pantallas para ver una o varias c\u00e1maras simult\u00e1neamente.\u201cEl monitoreo de esto se hace en conjunto entre la Ciudad y la provincia, con quien el di\u00e1logo es muy fluido\u201d, dijo Rodr\u00edguez Larreta, lo cual marc\u00f3 como \u201cun ejemplo de esta realidad que tenemos en la Argentina que es poder trabajar en equipo\u201d.<br \/>\nEste centro, junto con el inaugurado recientemente en el l\u00edmite con Vicente L\u00f3pez, se suman al control de las lectoras de patentes y los destacamentos en cada entrada y salida a la avenida General Paz.En la inauguraci\u00f3n tambi\u00e9n estuvieron presentes el vicejefe de Gobierno porte\u00f1o, Diego Santilli; el ministro de Justicia y Seguridad, Mart\u00edn Ocampo, y el jefe de la Polic\u00eda de la provincia de Buenos Aires, Fabi\u00e1n Perroni. A su turno, Ocampo destac\u00f3 que \u201ceste trabajo, antes de este sistema, se hac\u00eda manualmente\u201d y \u201clos retenes controlaban espor\u00e1dicamente a algunos autos que pasaban por ah\u00ed. Esto controla todo el tiempo, a todos los veh\u00edculos que ingresan o salen de la Ciudad de Buenos Aires\u201d.Adem\u00e1s, asegur\u00f3 que \u201clos primeros resultados son alentadores\u201d ya que \u201ctuvimos casi 250 procedimientos de detenci\u00f3n de veh\u00edculos y m\u00e1s de 40 motos que hemos intervenido a partir de este sistema\u201d.<\/p>\n","protected":false},"excerpt":{"rendered":"<p>\u00a0 El jefe de Gobierno porte\u00f1o, Horacio Rodr\u00edguez Larreta, inaugur\u00f3\u00a0 ayer un Centro de Monitoreo en las cercan\u00edas del Puente La Noria, el segundo del Anillo Digital en la zona sur de la Ciudad de Buenos Aires, que forma parte del Sistema Integral de Seguridad P\u00fablica (SSISP).Rodr\u00edguez Larreta explic\u00f3, en referencia al SSISP, que \u201cuno [&hellip;]<\/p>\n","protected":false},"author":1,"featured_media":4521,"comment_status":"open","ping_status":"open","sticky":false,"template":"","format":"standard","meta":{"_et_pb_use_builder":"","_et_pb_old_content":"","_et_gb_content_width":"","footnotes":""},"categories":[11,32],"tags":[],"class_list":["post-8406","post","type-post","status-publish","format-standard","has-post-thumbnail","hentry","category-ciudad","category-comunas"],"_links":{"self":[{"href":"https:\/\/vocesdebaires.com.ar\/index.php\/wp-json\/wp\/v2\/posts\/8406"}],"collection":[{"href":"https:\/\/vocesdebaires.com.ar\/index.php\/wp-json\/wp\/v2\/posts"}],"about":[{"href":"https:\/\/vocesdebaires.com.ar\/index.php\/wp-json\/wp\/v2\/types\/post"}],"author":[{"embeddable":true,"href":"https:\/\/vocesdebaires.com.ar\/index.php\/wp-json\/wp\/v2\/users\/1"}],"replies":[{"embeddable":true,"href":"https:\/\/vocesdebaires.com.ar\/index.php\/wp-json\/wp\/v2\/comments?post=8406"}],"version-history":[{"count":0,"href":"https:\/\/vocesdebaires.com.ar\/index.php\/wp-json\/wp\/v2\/posts\/8406\/revisions"}],"wp:featuredmedia":[{"embeddable":true,"href":"https:\/\/vocesdebaires.com.ar\/index.php\/wp-json\/wp\/v2\/media\/4521"}],"wp:attachment":[{"href":"https:\/\/vocesdebaires.com.ar\/index.php\/wp-json\/wp\/v2\/media?parent=8406"}],"wp:term":[{"taxonomy":"category","embeddable":true,"href":"https:\/\/vocesdebaires.com.ar\/index.php\/wp-json\/wp\/v2\/categories?post=8406"},{"taxonomy":"post_tag","embeddable":true,"href":"https:\/\/vocesdebaires.com.ar\/index.php\/wp-json\/wp\/v2\/tags?post=8406"}],"curies":[{"name":"wp","href":"https:\/\/api.w.org\/{rel}","templated":true}]}}