{"id":8409,"date":"2017-05-25T03:47:38","date_gmt":"2017-05-25T06:47:38","guid":{"rendered":"http:\/\/vocesdebaires.com.ar\/wordpress\/index.php\/2017\/05\/25\/ciudad-santilli-presento-los-juegos-portenos\/"},"modified":"2017-05-25T03:47:38","modified_gmt":"2017-05-25T06:47:38","slug":"ciudad-santilli-presento-los-juegos-portenos","status":"publish","type":"post","link":"https:\/\/vocesdebaires.com.ar\/index.php\/2017\/05\/25\/ciudad-santilli-presento-los-juegos-portenos\/","title":{"rendered":"Ciudad: Santilli present\u00f3 los Juegos Porte\u00f1os"},"content":{"rendered":"<p>\u00a0<br \/>\nEl Vicejefe de Gobierno porte\u00f1o anunci\u00f3 la competencia deportiva m\u00e1s importante de Buenos Aires en el auditorio de la sede de Gobierno Porte\u00f1o. Arrancar\u00e1 en junio y es con inscripci\u00f3n gratuita. El lanzamiento oficial cont\u00f3 adem\u00e1s, con la presencia del subsecretario de Deportes, Luis Lobo y los referentes ol\u00edmpicos Alejandra Garc\u00eda, Federico Molinari, Walter P\u00e9rez, Marcelo Alexandre y Claudio Henschke. Se transmiti\u00f3 el video institucional del certamen, hubo una\u00a0coreograf\u00eda de un grupo de chicas representantes del Club Italiano y un desfile para mostrar las 50 disciplinas incluidas, y se proyect\u00f3 un mensaje del embajador de los Juegos Porte\u00f1os, el ex futbolista Diego Latorre, que fue el que m\u00e1s votos recibi\u00f3 entre m\u00e1s de 35 mil vecinos en una encuesta realizada por Participaci\u00f3n Ciudadana. La competencia, organizada por la Subsecretar\u00eda de Deportes del Gobierno porte\u00f1o, est\u00e1 dirigida a j\u00f3venes de entre 8 y 18 a\u00f1os -sean federados o no-, a personas con discapacidad de entre 14 y 18 a\u00f1os, y a adultos mayores de 60 a\u00f1os. Es de modalidad inclusiva, participativa y formativa y tiene como objetivo fomentar los valores deportivos y descubrir nuevos talentos con vistas a los Juegos Ol\u00edmpicos de la Juventud que se celebrar\u00e1n en Buenos Aires del 6 al 18 de octubre de 2018. \u201cEl talento de nuestra juventud se expone en estos Juegos, que van a ser una fiesta. El deporte nos potencia y por eso invito a que todos se sumen a demostrar lo que son capaces de hacer\u201d, expres\u00f3 Santilli. Para anotarse, los interesados deber\u00e1n pre-inscribirse en la web y descargar dos formularios (ficha m\u00e9dica y lista de buena fe) a trav\u00e9s del sitio oficial <a href=\"http:\/\/www.buenosaires.gob&quot;&gt;www.buenosaires.gob<\/a>. ar\/juegosporte\u00f1os, donde se publicar\u00e1n d\u00edas y horarios de competencias, noticias, fotos y resultados. Para finalizar la inscripci\u00f3n, ambas fichas tendr\u00e1n que ser completadas y entregadas en la Subsecretar\u00eda de Deportes (25 De Mayo 676, piso 3) de lunes a viernes de 10 a 17, en Parque Sarmiento (Av. Ricardo Balb\u00edn 4750) de lunes a viernes de 9 a 18, o en el Aut\u00f3dromo de la Ciudad (Av. Coronel Roca 6902) los mi\u00e9rcoles y viernes de 16.30 a 18.30. Los ganadores de los Juegos Porte\u00f1os podr\u00e1n viajar a Mar del Plata para competir con deportistas de todo el pa\u00eds en los Juegos Nacionales Evita. En la \u00faltima edici\u00f3n, una delegaci\u00f3n de m\u00e1s de 800 participantes represent\u00f3 a la Ciudad y cosech\u00f3 46 medallas (23 de oro, 12 de plata y 11 de bronce)&#8230;&#8230;&#8230;&#8230;&#8230;&#8230;&#8230;&#8230;&#8230;&#8230;&#8230;&#8230;&#8230;&#8230;&#8230;&#8230;&#8230;&#8230;&#8230;&#8230;&#8230;&#8230;&#8230;&#8230;&#8230;&#8230;&#8230;&#8230;&#8230;&#8230;&#8230;&#8230;&#8230;&#8230;&#8230;&#8230;&#8230;&#8230;&#8230;&#8230;&#8230;&#8230;&#8230;&#8230;&#8230;&#8230;&#8230;&#8230;&#8230;&#8230;&#8230;&#8230;&#8230;&#8230;&#8230;&#8230;&#8230;&#8230;&#8230;&#8230;&#8230;&#8230;&#8230;&#8230;&#8230;&#8230;&#8230;&#8230;.<br \/>\nSantilli en el Centro Cultural Recoleta  La Vicejefatura de Gobierno, a trav\u00e9s de la Direcci\u00f3n General de Pol\u00edticas de la Juventud est\u00e1 abocada a generar oportunidades para que los j\u00f3venes puedan demostrar su talento. Potenciate es el programa que ya tuvo sus premios en gastronom\u00eda y esta tarde se dieron a conocer los reconocimientos en un concurso muy particular. En esta oportunidad, la convocatoria estuvo destinada a ser parte del espect\u00e1culo de Fuerza Bruta por tres meses. Para participar hab\u00eda que tener entre 18 a 29 a\u00f1os de edad, ser hombre o mujer, estar domiciliado en la Ciudad de Buenos Aires y ser actores y\/o bailarines con estudios previos de danza y\/o teatro no inferiores a 2 a\u00f1os. \u201cNuestra juventud tiene mucho talento, ganas de progresar y fuerza. Sabemos lo dif\u00edcil que es para los estudiantes o reci\u00e9n recibidos insertarse en el mundo laboral y m\u00e1s en el medio art\u00edstico. Por eso desde la Ciudad los queremos acompa\u00f1arlos y apoyarlos en este nuevo camino para que puedan concretar sus sue\u00f1os\u201d, indic\u00f3 Santilli. Fuerza Bruta se inici\u00f3 en el 2003 como proyecto derivado\u00a0De La Guarda y se caracteriza por un estilo experimental, de innovaci\u00f3n est\u00e9tica y de despliegue esc\u00e9nico en grandes dimensiones. Del concurso participaron m\u00e1s de 350 j\u00f3venes que se inscribieron desde que se abri\u00f3 la convocatoria el 16 de enero y se cerr\u00f3 el 5 de febrero, y el proceso de selecci\u00f3n arroj\u00f3 2 ganadores, Christian Vivaldi y Melina Henriques elegidos por un jurado conformado por la core\u00f3grafa Ana Frenkel, el Director de Fuerza Bruta, Fabio D\u2019Aquila y la actriz Camila Taranto. \u201cPotenciar a los j\u00f3venes es abrirles las puertas y hoy hay dos que entrar\u00e1n al mundo del arte por una de las m\u00e1s grandes\u00a0 y generar oportunidades para que puedan demostrar de qu\u00e9 son capaces es una de nuestras premisas\u201d, afirm\u00f3 el Vicejefe de Gobierno.<br \/>\n\u00a0<br \/>\n&lt;img src=&quot;images\/stories\/2015\/centroculturalll.jpg&quot; border=&quot;0&quot; align=&quot;right&quot; \/&gt;<br \/>\n\u00a0<\/p>\n","protected":false},"excerpt":{"rendered":"<p>\u00a0 El Vicejefe de Gobierno porte\u00f1o anunci\u00f3 la competencia deportiva m\u00e1s importante de Buenos Aires en el auditorio de la sede de Gobierno Porte\u00f1o. Arrancar\u00e1 en junio y es con inscripci\u00f3n gratuita. El lanzamiento oficial cont\u00f3 adem\u00e1s, con la presencia del subsecretario de Deportes, Luis Lobo y los referentes ol\u00edmpicos Alejandra Garc\u00eda, Federico Molinari, Walter [&hellip;]<\/p>\n","protected":false},"author":1,"featured_media":8410,"comment_status":"open","ping_status":"open","sticky":false,"template":"","format":"standard","meta":{"_et_pb_use_builder":"","_et_pb_old_content":"","_et_gb_content_width":"","footnotes":""},"categories":[11,32],"tags":[],"class_list":["post-8409","post","type-post","status-publish","format-standard","has-post-thumbnail","hentry","category-ciudad","category-comunas"],"_links":{"self":[{"href":"https:\/\/vocesdebaires.com.ar\/index.php\/wp-json\/wp\/v2\/posts\/8409"}],"collection":[{"href":"https:\/\/vocesdebaires.com.ar\/index.php\/wp-json\/wp\/v2\/posts"}],"about":[{"href":"https:\/\/vocesdebaires.com.ar\/index.php\/wp-json\/wp\/v2\/types\/post"}],"author":[{"embeddable":true,"href":"https:\/\/vocesdebaires.com.ar\/index.php\/wp-json\/wp\/v2\/users\/1"}],"replies":[{"embeddable":true,"href":"https:\/\/vocesdebaires.com.ar\/index.php\/wp-json\/wp\/v2\/comments?post=8409"}],"version-history":[{"count":0,"href":"https:\/\/vocesdebaires.com.ar\/index.php\/wp-json\/wp\/v2\/posts\/8409\/revisions"}],"wp:featuredmedia":[{"embeddable":true,"href":"https:\/\/vocesdebaires.com.ar\/index.php\/wp-json\/wp\/v2\/media\/8410"}],"wp:attachment":[{"href":"https:\/\/vocesdebaires.com.ar\/index.php\/wp-json\/wp\/v2\/media?parent=8409"}],"wp:term":[{"taxonomy":"category","embeddable":true,"href":"https:\/\/vocesdebaires.com.ar\/index.php\/wp-json\/wp\/v2\/categories?post=8409"},{"taxonomy":"post_tag","embeddable":true,"href":"https:\/\/vocesdebaires.com.ar\/index.php\/wp-json\/wp\/v2\/tags?post=8409"}],"curies":[{"name":"wp","href":"https:\/\/api.w.org\/{rel}","templated":true}]}}