{"id":8413,"date":"2017-05-25T03:36:58","date_gmt":"2017-05-25T06:36:58","guid":{"rendered":"http:\/\/vocesdebaires.com.ar\/wordpress\/index.php\/2017\/05\/25\/pami-la-receta-manual-verde-perdera-vigencia\/"},"modified":"2017-05-25T03:36:58","modified_gmt":"2017-05-25T06:36:58","slug":"pami-la-receta-manual-verde-perdera-vigencia","status":"publish","type":"post","link":"https:\/\/vocesdebaires.com.ar\/index.php\/2017\/05\/25\/pami-la-receta-manual-verde-perdera-vigencia\/","title":{"rendered":"PAMI: La receta manual verde perder\u00e1 vigencia"},"content":{"rendered":"<p>\u00a0<br \/>\nPAMI recuerda a sus afiliados que la receta manual de color verde dejar\u00e1 de ser v\u00e1lida para la prescripci\u00f3n y dispensa de medicamentos en farmacias. Los \u00fanicos modelos de recetas v\u00e1lidos ser\u00e1n la receta electr\u00f3nica de color blanco y la receta manual de color celeste que brinda transparencia y control. Lo mismo rige para la entrega de pa\u00f1ales, ya que s\u00f3lo se aceptar\u00e1n los nuevos modelos de recetas y no se podr\u00e1 presentar la receta de color verde.<br \/>\nQuienes a\u00fan tengan una receta de color verde, s\u00f3lo podr\u00e1n retirar sus medicamentos con ese modelo de receta hasta el 31 de mayo. Despu\u00e9s de esa fecha, la receta dejar\u00e1 de tener validez y deber\u00e1n acercarse a su m\u00e9dico para solicitar su reemplazo por una receta electr\u00f3nica blanca o, en su defecto, por una receta manual celeste. El cambio implementado responde a una decisi\u00f3n de aumentar el control sobre abusos detectados en el expendio de medicamentos. Los nuevos modelos de recetas garantizan un efectivo control y monitoreo, ya que las medidas de seguridad incorporadas evitan falsificaciones y fraudes, como as\u00ed tambi\u00e9n permiten identificar a los emisores de las recetas.<br \/>\n&#8230;&#8230;&#8230;&#8230;&#8230;&#8230;&#8230;&#8230;&#8230;&#8230;&#8230;&#8230;&#8230;&#8230;&#8230;&#8230;&#8230;&#8230;&#8230;&#8230;&#8230;&#8230;&#8230;&#8230;&#8230;&#8230;&#8230;&#8230;&#8230;&#8230;&#8230;&#8230;&#8230;&#8230;&#8230;&#8230;&#8230;&#8230;&#8230;&#8230;&#8230;&#8230;&#8230;&#8230;&#8230;&#8230;&#8230;&#8230;&#8230;&#8230;&#8230;&#8230;&#8230;&#8230;&#8230;&#8230;&#8230;&#8230;&#8230;&#8230;&#8230;&#8230;&#8230;.<br \/>\nPAMI: Informa cobertura en medicamentos\u00a0   Ante las versiones publicadas durante las \u00faltimas horas en las que se desliza la posibilidad de que los afiliados dejen de contar con los descuentos en la cobertura de medicamentos a partir del 29 de junio, PAMI informa que dicha cobertura est\u00e1 totalmente garantizada y con los mismos beneficios conocidos hasta hoy. Como es de p\u00fablico conocimiento, las autoridades de PAMI han iniciado una renegociaci\u00f3n del contrato para la compra de los medicamentos,\u00a0 negociaciones que mantendr\u00e1 por segmentos y\u00a0 que no afectar\u00e1 en absoluto la normal dispensa para los casi 5 millones de afiliados. Como ocurri\u00f3 desde un primer momento, la mesa de di\u00e1logo sigue vigente con el \u00fanico fin de alcanzar un convenio que permita\u00a0 salvaguardar las finanzas del Instituto sin afectar las prestaciones que PAMI brinda a sus afiliados.<\/p>\n","protected":false},"excerpt":{"rendered":"<p>\u00a0 PAMI recuerda a sus afiliados que la receta manual de color verde dejar\u00e1 de ser v\u00e1lida para la prescripci\u00f3n y dispensa de medicamentos en farmacias. Los \u00fanicos modelos de recetas v\u00e1lidos ser\u00e1n la receta electr\u00f3nica de color blanco y la receta manual de color celeste que brinda transparencia y control. Lo mismo rige para [&hellip;]<\/p>\n","protected":false},"author":1,"featured_media":8414,"comment_status":"open","ping_status":"open","sticky":false,"template":"","format":"standard","meta":{"_et_pb_use_builder":"","_et_pb_old_content":"","_et_gb_content_width":"","footnotes":""},"categories":[12,34],"tags":[],"class_list":["post-8413","post","type-post","status-publish","format-standard","has-post-thumbnail","hentry","category-nacion","category-politica"],"_links":{"self":[{"href":"https:\/\/vocesdebaires.com.ar\/index.php\/wp-json\/wp\/v2\/posts\/8413"}],"collection":[{"href":"https:\/\/vocesdebaires.com.ar\/index.php\/wp-json\/wp\/v2\/posts"}],"about":[{"href":"https:\/\/vocesdebaires.com.ar\/index.php\/wp-json\/wp\/v2\/types\/post"}],"author":[{"embeddable":true,"href":"https:\/\/vocesdebaires.com.ar\/index.php\/wp-json\/wp\/v2\/users\/1"}],"replies":[{"embeddable":true,"href":"https:\/\/vocesdebaires.com.ar\/index.php\/wp-json\/wp\/v2\/comments?post=8413"}],"version-history":[{"count":0,"href":"https:\/\/vocesdebaires.com.ar\/index.php\/wp-json\/wp\/v2\/posts\/8413\/revisions"}],"wp:featuredmedia":[{"embeddable":true,"href":"https:\/\/vocesdebaires.com.ar\/index.php\/wp-json\/wp\/v2\/media\/8414"}],"wp:attachment":[{"href":"https:\/\/vocesdebaires.com.ar\/index.php\/wp-json\/wp\/v2\/media?parent=8413"}],"wp:term":[{"taxonomy":"category","embeddable":true,"href":"https:\/\/vocesdebaires.com.ar\/index.php\/wp-json\/wp\/v2\/categories?post=8413"},{"taxonomy":"post_tag","embeddable":true,"href":"https:\/\/vocesdebaires.com.ar\/index.php\/wp-json\/wp\/v2\/tags?post=8413"}],"curies":[{"name":"wp","href":"https:\/\/api.w.org\/{rel}","templated":true}]}}