{"id":8415,"date":"2017-05-25T03:27:17","date_gmt":"2017-05-25T06:27:17","guid":{"rendered":"http:\/\/vocesdebaires.com.ar\/wordpress\/index.php\/2017\/05\/25\/diputados-preocupados-por-huelga-de-hambre-por-terroristas\/"},"modified":"2017-05-25T03:27:17","modified_gmt":"2017-05-25T06:27:17","slug":"diputados-preocupados-por-huelga-de-hambre-por-terroristas","status":"publish","type":"post","link":"https:\/\/vocesdebaires.com.ar\/index.php\/2017\/05\/25\/diputados-preocupados-por-huelga-de-hambre-por-terroristas\/","title":{"rendered":"Diputados preocupados por huelga de hambre por terroristas"},"content":{"rendered":"<p>\u00a0<br \/>\nA\u00a0 las preocupaciones de algunos legisladores porte\u00f1os en las ultimas semanas , ahora se le suman tres diputados nacionales , el diputado Julio Raffo, del partido Di\u00e1logo y Trabajo, del interbloque Frente Renovador-UNA, present\u00f3 ayer por la tarde un proyecto para que el Congreso argentino &quot;exprese su preocupaci\u00f3n por la huelga de hambre llevada adelante por palestinos en Israel&quot;. La iniciativa fue acompa\u00f1ado con las firmas de los diputados Horacio Alonso (FR-UNA) y Carlos Roma (Uni\u00f3n PRO).<br \/>\nEl proyecto presentado por el diputado Raffo describe a la iniciativa de los terroristas palestinos presos como una medida cuyo objetivo es &quot;solicitar que se les d\u00e9 igual tratamiento que a los presos de nacionalidad israelita: que se les permita igual r\u00e9gimen y frecuencia de visitas familiares, y poder tocar a sus hijos a los cuales actualmente s\u00f3lo pueden ver detr\u00e1s de un vidrio y hablarles mediante un tel\u00e9fono&quot;. Seg\u00fan Raffo, &quot;la situaci\u00f3n de esas personas detenidas se hace tanto m\u00e1s grave cuando se advierte que muchas de ellas fueron llevadas a prisi\u00f3n en base a &#8216;decisiones administrativas&#8217; de duraci\u00f3n indefinida, sin que haya acusaciones judiciales que les permitan ejercitar su defensa mediante las reglas del debido proceso&quot;.<br \/>\nEn un art\u00edculo publicado ayer en Radio Jai cuya autor\u00eda es del periodista Israel (Isi) Winicki, se explica que los palestinos detenidos a los que hace alusi\u00f3n Raffo son &quot;terroristas condenados por atentar o planificar atentados contra civiles israel\u00edes, que provocaron la muerte de hombres, mujeres y ni\u00f1os&quot;. Adem\u00e1s, Winicki explic\u00f3 que &quot;la Cruz Roja Internacional monitorea permanentemente la situaci\u00f3n de estos presos&quot; y que &quot;sus abogados los visitan permanentemente, y tambi\u00e9n reciben visitas de familiares&quot;.<br \/>\nWinicki se\u00f1ala adem\u00e1s que quien promueve la huelga que defiende Raffo, Marwan Barghouti (aunque \u00e9l come a escondidas), el jefe del Tanzim, ala militar de Fatal, &quot;el 20 de mayo de 2004 fue condenado por 5 cargos de asesinato y declarado inocente de otros 21 cargos de asesinato en 33 ataques por &#8216;falta de pruebas&#8217;&quot;. &quot;El 6 de junio de ese mismo a\u00f1o le sentenciaron a cinco cadenas perpetuas por los cinco asesinatos y a 40 a\u00f1os de c\u00e1rcel por un intento de asesinato, que inclu\u00edan la autorizaci\u00f3n y organizaci\u00f3n del asesinato del monje griego Georgios Tsibouktzakis cerca del monasterio de San Jorge de Coziba, en Cisjordania, un ataque cerca del asentamiento israel\u00ed de Giv&#8217;at Ze&#8217;ev que ocasion\u00f3 la muerte de un civil y el atentado contra el restaurante Seafood Market de Tel Aviv que caus\u00f3 tres v\u00edctimas mortales&quot;.<br \/>\n\u00a0<\/p>\n","protected":false},"excerpt":{"rendered":"<p>\u00a0 A\u00a0 las preocupaciones de algunos legisladores porte\u00f1os en las ultimas semanas , ahora se le suman tres diputados nacionales , el diputado Julio Raffo, del partido Di\u00e1logo y Trabajo, del interbloque Frente Renovador-UNA, present\u00f3 ayer por la tarde un proyecto para que el Congreso argentino &quot;exprese su preocupaci\u00f3n por la huelga de hambre llevada [&hellip;]<\/p>\n","protected":false},"author":1,"featured_media":8416,"comment_status":"open","ping_status":"open","sticky":false,"template":"","format":"standard","meta":{"_et_pb_use_builder":"","_et_pb_old_content":"","_et_gb_content_width":"","footnotes":""},"categories":[11,33],"tags":[],"class_list":["post-8415","post","type-post","status-publish","format-standard","has-post-thumbnail","hentry","category-ciudad","category-sociedad-y-cultura-2"],"_links":{"self":[{"href":"https:\/\/vocesdebaires.com.ar\/index.php\/wp-json\/wp\/v2\/posts\/8415"}],"collection":[{"href":"https:\/\/vocesdebaires.com.ar\/index.php\/wp-json\/wp\/v2\/posts"}],"about":[{"href":"https:\/\/vocesdebaires.com.ar\/index.php\/wp-json\/wp\/v2\/types\/post"}],"author":[{"embeddable":true,"href":"https:\/\/vocesdebaires.com.ar\/index.php\/wp-json\/wp\/v2\/users\/1"}],"replies":[{"embeddable":true,"href":"https:\/\/vocesdebaires.com.ar\/index.php\/wp-json\/wp\/v2\/comments?post=8415"}],"version-history":[{"count":0,"href":"https:\/\/vocesdebaires.com.ar\/index.php\/wp-json\/wp\/v2\/posts\/8415\/revisions"}],"wp:featuredmedia":[{"embeddable":true,"href":"https:\/\/vocesdebaires.com.ar\/index.php\/wp-json\/wp\/v2\/media\/8416"}],"wp:attachment":[{"href":"https:\/\/vocesdebaires.com.ar\/index.php\/wp-json\/wp\/v2\/media?parent=8415"}],"wp:term":[{"taxonomy":"category","embeddable":true,"href":"https:\/\/vocesdebaires.com.ar\/index.php\/wp-json\/wp\/v2\/categories?post=8415"},{"taxonomy":"post_tag","embeddable":true,"href":"https:\/\/vocesdebaires.com.ar\/index.php\/wp-json\/wp\/v2\/tags?post=8415"}],"curies":[{"name":"wp","href":"https:\/\/api.w.org\/{rel}","templated":true}]}}