{"id":8421,"date":"2017-05-24T03:00:00","date_gmt":"2017-05-24T06:00:00","guid":{"rendered":"http:\/\/vocesdebaires.com.ar\/wordpress\/index.php\/2017\/05\/24\/amia-condena-ataque-terrorista-en-manchester\/"},"modified":"2017-05-24T03:00:00","modified_gmt":"2017-05-24T06:00:00","slug":"amia-condena-ataque-terrorista-en-manchester","status":"publish","type":"post","link":"https:\/\/vocesdebaires.com.ar\/index.php\/2017\/05\/24\/amia-condena-ataque-terrorista-en-manchester\/","title":{"rendered":"AMIA: Condena ataque terrorista en Manchester"},"content":{"rendered":"<p>Ante el brutal atentado terrorista perpetrado ayer por el grupo isl\u00e1mico Isis en la ciudad brit\u00e1nica de Manchester, la Asociaci\u00f3n Mutual Israelita Argentina (AMIA &#8211; Comunidad Jud\u00eda) expresa su m\u00e1s en\u00e9rgica condena por un nuevo episodio de violencia irracional que dej\u00f3 un saldo de 22 personas fallecidas y al menos 59 heridos.<br \/>\nLa masacre, que merece el repudio un\u00e1nime de toda la comunidad internacional, fue otra manifestaci\u00f3n del accionar asesino que promueve el extremismo isl\u00e1mico, y contra el cual los gobiernos democr\u00e1ticos deben luchar en forma inmediata. La inacci\u00f3n de muchos pa\u00edses del mundo frente al avance del terrorismo y la indiferencia ante la reiteraci\u00f3n de este tipo de sucesos, provoca que diariamente tengamos que lamentar las consecuencias del desprecio por el valor supremo de la vida.<br \/>\nA menos de 2 meses de conmemorar los 23 a\u00f1os del ataque que sufri\u00f3 en su propia sede, AMIA expresa sus condolencias a los familiares de las v\u00edctimas y a todas las personas alcanzadas por este momento de profundo dolor, y brega por alcanzar una convivencia basada en la paz y el respeto por las diferencias.<\/p>\n","protected":false},"excerpt":{"rendered":"<p>Ante el brutal atentado terrorista perpetrado ayer por el grupo isl\u00e1mico Isis en la ciudad brit\u00e1nica de Manchester, la Asociaci\u00f3n Mutual Israelita Argentina (AMIA &#8211; Comunidad Jud\u00eda) expresa su m\u00e1s en\u00e9rgica condena por un nuevo episodio de violencia irracional que dej\u00f3 un saldo de 22 personas fallecidas y al menos 59 heridos. La masacre, que [&hellip;]<\/p>\n","protected":false},"author":1,"featured_media":8422,"comment_status":"open","ping_status":"open","sticky":false,"template":"","format":"standard","meta":{"_et_pb_use_builder":"","_et_pb_old_content":"","_et_gb_content_width":"","footnotes":""},"categories":[11,32],"tags":[],"class_list":["post-8421","post","type-post","status-publish","format-standard","has-post-thumbnail","hentry","category-ciudad","category-comunas"],"_links":{"self":[{"href":"https:\/\/vocesdebaires.com.ar\/index.php\/wp-json\/wp\/v2\/posts\/8421"}],"collection":[{"href":"https:\/\/vocesdebaires.com.ar\/index.php\/wp-json\/wp\/v2\/posts"}],"about":[{"href":"https:\/\/vocesdebaires.com.ar\/index.php\/wp-json\/wp\/v2\/types\/post"}],"author":[{"embeddable":true,"href":"https:\/\/vocesdebaires.com.ar\/index.php\/wp-json\/wp\/v2\/users\/1"}],"replies":[{"embeddable":true,"href":"https:\/\/vocesdebaires.com.ar\/index.php\/wp-json\/wp\/v2\/comments?post=8421"}],"version-history":[{"count":0,"href":"https:\/\/vocesdebaires.com.ar\/index.php\/wp-json\/wp\/v2\/posts\/8421\/revisions"}],"wp:featuredmedia":[{"embeddable":true,"href":"https:\/\/vocesdebaires.com.ar\/index.php\/wp-json\/wp\/v2\/media\/8422"}],"wp:attachment":[{"href":"https:\/\/vocesdebaires.com.ar\/index.php\/wp-json\/wp\/v2\/media?parent=8421"}],"wp:term":[{"taxonomy":"category","embeddable":true,"href":"https:\/\/vocesdebaires.com.ar\/index.php\/wp-json\/wp\/v2\/categories?post=8421"},{"taxonomy":"post_tag","embeddable":true,"href":"https:\/\/vocesdebaires.com.ar\/index.php\/wp-json\/wp\/v2\/tags?post=8421"}],"curies":[{"name":"wp","href":"https:\/\/api.w.org\/{rel}","templated":true}]}}