{"id":8423,"date":"2017-05-24T03:00:00","date_gmt":"2017-05-24T06:00:00","guid":{"rendered":"http:\/\/vocesdebaires.com.ar\/wordpress\/index.php\/2017\/05\/24\/se-inauguro-ciclo-legislatura-y-la-escuela\/"},"modified":"2017-05-24T03:00:00","modified_gmt":"2017-05-24T06:00:00","slug":"se-inauguro-ciclo-legislatura-y-la-escuela","status":"publish","type":"post","link":"https:\/\/vocesdebaires.com.ar\/index.php\/2017\/05\/24\/se-inauguro-ciclo-legislatura-y-la-escuela\/","title":{"rendered":"Se inaugur\u00f3: ciclo, Legislatura y la Escuela"},"content":{"rendered":"<p>\u00a0<br \/>\nLa Vicepresidente I del parlamento porte\u00f1o, diputada Carmen Polledo (PRO), presidi\u00f3\u00a0 ayer la sesi\u00f3n que dio comienzo al d\u00e9cimo octavo ciclo anual consecutivo del programa &quot;La Legislatura y la Escuela&quot;, con la participaci\u00f3n de las escuelas estatales N\u00b0 2 &quot;Profesor Juan Jos\u00e9 Mill\u00e1n&quot;, N\u00b0 9 &quot;Benito Ju\u00e1rez&quot;, ambas del Distrito Escolar 17; y las privadas &quot;Del Jacarand\u00e1&quot;, y &quot;Scholem Aleijem&quot;. &quot;El objetivo de nuestro trabajo es llegar al consenso para mejorar la vida de los ciudadanos porte\u00f1os. Agradezco la dedicaci\u00f3n que le pusieron a este d\u00eda, ojal\u00e1 disfruten y saquen provecho de la experiencia de participaci\u00f3n ciudadana&quot;, expres\u00f3 Polledo en sus palabras de bienvenida.<br \/>\nLa escuela &quot;Profesor Juan Jos\u00e9 Mill\u00e1n&quot; present\u00f3 un proyecto para aumentar la cantidad de luminarias en la calle Helguera desde el 3100 al 3499, por motivos de seguridad. Por otro lado, fue impulsada por la instituci\u00f3n &quot;Scholem Aleijem&quot;, del barrio de Villa Crespo, una propuesta para que los comercios especializados en oferta de juegos y juguetes infantiles de la ciudad dejen de ofrecer y publicitar para la venta productos para ni\u00f1os diferenciados por g\u00e9nero.<br \/>\nEn tanto, los alumnos del establecimiento &quot;Benito Ju\u00e1rez&quot; fueron los autores de una iniciativa que propone la creaci\u00f3n de Gabinetes Mediadores Escolares para la prevenci\u00f3n y resoluci\u00f3n de conflictos, distintos tipos y modalidades de violencia dentro de las escuelas p\u00fablicas de la CABA. Por \u00faltimo, la escuela &quot;Del Jacarand\u00e1&quot; propuso la inclusi\u00f3n a escuelas en el r\u00e9gimen de regulaci\u00f3n, control y gesti\u00f3n de aceites vegetales para evitar su impacto negativo en el ambiente. Todos los proyectos fueron aprobados. Siguieron las alternativas en el recinto las diputadas Mar\u00eda Rosa Mui\u00f1os (BP) y Cristina Garc\u00eda (PRO).<br \/>\nOrganizado por la Direcci\u00f3n General de Gesti\u00f3n y Participaci\u00f3n Ciudadana, el programa &quot;La Legislatura y la Escuela&quot; fomenta la participaci\u00f3n de los alumnos de escuelas primarias y secundarias para facilitar la comprensi\u00f3n del proceso legislativo. Miles de estudiantes de 6to. y 7mo. grado, 4to. y 5to. a\u00f1o, y de educaci\u00f3n especial de diferentes colegios desempe\u00f1aron el rol de los legisladores presentando y debatiendo proyectos de leyes, y algunos de ellos fueron asumidos por diputadas\/os y tratados en las sesiones del Cuerpo Parlamentario.<br \/>\nCuarto concurso &quot;J\u00f3venes Legisladores&quot;<br \/>\nEn el marco del programa &quot;La Legislatura y la Escuela&quot;, la Direcci\u00f3n General de Gesti\u00f3n y Participaci\u00f3n Ciudadana, a cargo de Silvina Garc\u00eda, organiza el cuarto concurso de &quot;J\u00f3venes Legisladores&quot;, dedicado a promover e incentivar la participaci\u00f3n de estudiantes de 3\u00b0 y 4\u00b0 a\u00f1o de nivel medio de de la Ciudad mediante la elaboraci\u00f3n de proyectos legislativos. All\u00ed podr\u00e1n presentar iniciativas referidas a tem\u00e1ticas como seguridad vial, salud, recursos energ\u00e9ticos renovables y pol\u00edticas de integraci\u00f3n social. En base a ellos, los diputados porte\u00f1os ser\u00e1n los encargados de seleccionar los tres proyectos que resulten m\u00e1s significativos, considerando innovaci\u00f3n y originalidad.<br \/>\nLa presentaci\u00f3n de los proyectos podr\u00e1 hacerse hasta cinco d\u00edas h\u00e1biles antes de la fecha asignada para cada una de las sesiones especiales, correspondientes a los meses de junio, julio, agosto y septiembre. Para inscribirse, las escuelas p\u00fablicas y privadas de la Ciudad deber\u00e1n comunicarse con la Direcci\u00f3n General de Participaci\u00f3n Ciudadana -Tel.: 4338-3151\/3. Tendr\u00e1n tiempo hasta el 26 de mayo o hasta completar el cupo anual de sesiones especiales.<\/p>\n","protected":false},"excerpt":{"rendered":"<p>\u00a0 La Vicepresidente I del parlamento porte\u00f1o, diputada Carmen Polledo (PRO), presidi\u00f3\u00a0 ayer la sesi\u00f3n que dio comienzo al d\u00e9cimo octavo ciclo anual consecutivo del programa &quot;La Legislatura y la Escuela&quot;, con la participaci\u00f3n de las escuelas estatales N\u00b0 2 &quot;Profesor Juan Jos\u00e9 Mill\u00e1n&quot;, N\u00b0 9 &quot;Benito Ju\u00e1rez&quot;, ambas del Distrito Escolar 17; y las [&hellip;]<\/p>\n","protected":false},"author":1,"featured_media":8424,"comment_status":"open","ping_status":"open","sticky":false,"template":"","format":"standard","meta":{"_et_pb_use_builder":"","_et_pb_old_content":"","_et_gb_content_width":"","footnotes":""},"categories":[11,33],"tags":[],"class_list":["post-8423","post","type-post","status-publish","format-standard","has-post-thumbnail","hentry","category-ciudad","category-sociedad-y-cultura-2"],"_links":{"self":[{"href":"https:\/\/vocesdebaires.com.ar\/index.php\/wp-json\/wp\/v2\/posts\/8423"}],"collection":[{"href":"https:\/\/vocesdebaires.com.ar\/index.php\/wp-json\/wp\/v2\/posts"}],"about":[{"href":"https:\/\/vocesdebaires.com.ar\/index.php\/wp-json\/wp\/v2\/types\/post"}],"author":[{"embeddable":true,"href":"https:\/\/vocesdebaires.com.ar\/index.php\/wp-json\/wp\/v2\/users\/1"}],"replies":[{"embeddable":true,"href":"https:\/\/vocesdebaires.com.ar\/index.php\/wp-json\/wp\/v2\/comments?post=8423"}],"version-history":[{"count":0,"href":"https:\/\/vocesdebaires.com.ar\/index.php\/wp-json\/wp\/v2\/posts\/8423\/revisions"}],"wp:featuredmedia":[{"embeddable":true,"href":"https:\/\/vocesdebaires.com.ar\/index.php\/wp-json\/wp\/v2\/media\/8424"}],"wp:attachment":[{"href":"https:\/\/vocesdebaires.com.ar\/index.php\/wp-json\/wp\/v2\/media?parent=8423"}],"wp:term":[{"taxonomy":"category","embeddable":true,"href":"https:\/\/vocesdebaires.com.ar\/index.php\/wp-json\/wp\/v2\/categories?post=8423"},{"taxonomy":"post_tag","embeddable":true,"href":"https:\/\/vocesdebaires.com.ar\/index.php\/wp-json\/wp\/v2\/tags?post=8423"}],"curies":[{"name":"wp","href":"https:\/\/api.w.org\/{rel}","templated":true}]}}