{"id":8427,"date":"2017-05-24T03:00:00","date_gmt":"2017-05-24T06:00:00","guid":{"rendered":"http:\/\/vocesdebaires.com.ar\/wordpress\/index.php\/2017\/05\/24\/ciudad-muestra-homenaje-a-los-afrodescendientes\/"},"modified":"2017-05-24T03:00:00","modified_gmt":"2017-05-24T06:00:00","slug":"ciudad-muestra-homenaje-a-los-afrodescendientes","status":"publish","type":"post","link":"https:\/\/vocesdebaires.com.ar\/index.php\/2017\/05\/24\/ciudad-muestra-homenaje-a-los-afrodescendientes\/","title":{"rendered":"Ciudad: Muestra Homenaje a los afrodescendientes"},"content":{"rendered":"<p>\u00a0<br \/>\n&quot;H\u00e9roes Afrodescendientes Argentinos Invisibilizados&quot; es el nombre de una muestra pict\u00f3rica de la artista Mirta Toledo, inaugurada en el Hall de Honor de la Legislatura porte\u00f1a como homenaje a esa comunidad de nuestro pa\u00eds. El acto inaugural fue encabezado por el diputado Daniel Del Sol (PRO) y particip\u00f3 tambi\u00e9n el director del Instituto Argentino para la Igualdad, Diversidad e Integraci\u00f3n, Nengumbi Sukama, que es el organismo que promovi\u00f3 la exposici\u00f3n art\u00edstica.<br \/>\nLa muestra permanecer\u00e1 abierta al p\u00fablico hasta el 26 de mayo inclusive, de 10.00 a 18.00. La artista revive con su obra a decenas de destacados argentinos que eran afrodescendientes, entre ellos Bernardino Rivadavia, Bernardo de Monteagudo, el Sargento Cabral, el coronel unitario Barcala, el &quot;Negro&quot; Falucho, Cayetano Silva (autor de la Marcha de San Lorenzo), el payador Gabino Ezeiza, la actriz Rita Montero y los m\u00fasicos Horario Salg\u00e1n y Fidel Nadal.<\/p>\n","protected":false},"excerpt":{"rendered":"<p>\u00a0 &quot;H\u00e9roes Afrodescendientes Argentinos Invisibilizados&quot; es el nombre de una muestra pict\u00f3rica de la artista Mirta Toledo, inaugurada en el Hall de Honor de la Legislatura porte\u00f1a como homenaje a esa comunidad de nuestro pa\u00eds. El acto inaugural fue encabezado por el diputado Daniel Del Sol (PRO) y particip\u00f3 tambi\u00e9n el director del Instituto Argentino [&hellip;]<\/p>\n","protected":false},"author":1,"featured_media":8428,"comment_status":"open","ping_status":"open","sticky":false,"template":"","format":"standard","meta":{"_et_pb_use_builder":"","_et_pb_old_content":"","_et_gb_content_width":"","footnotes":""},"categories":[11,33],"tags":[],"class_list":["post-8427","post","type-post","status-publish","format-standard","has-post-thumbnail","hentry","category-ciudad","category-sociedad-y-cultura-2"],"_links":{"self":[{"href":"https:\/\/vocesdebaires.com.ar\/index.php\/wp-json\/wp\/v2\/posts\/8427"}],"collection":[{"href":"https:\/\/vocesdebaires.com.ar\/index.php\/wp-json\/wp\/v2\/posts"}],"about":[{"href":"https:\/\/vocesdebaires.com.ar\/index.php\/wp-json\/wp\/v2\/types\/post"}],"author":[{"embeddable":true,"href":"https:\/\/vocesdebaires.com.ar\/index.php\/wp-json\/wp\/v2\/users\/1"}],"replies":[{"embeddable":true,"href":"https:\/\/vocesdebaires.com.ar\/index.php\/wp-json\/wp\/v2\/comments?post=8427"}],"version-history":[{"count":0,"href":"https:\/\/vocesdebaires.com.ar\/index.php\/wp-json\/wp\/v2\/posts\/8427\/revisions"}],"wp:featuredmedia":[{"embeddable":true,"href":"https:\/\/vocesdebaires.com.ar\/index.php\/wp-json\/wp\/v2\/media\/8428"}],"wp:attachment":[{"href":"https:\/\/vocesdebaires.com.ar\/index.php\/wp-json\/wp\/v2\/media?parent=8427"}],"wp:term":[{"taxonomy":"category","embeddable":true,"href":"https:\/\/vocesdebaires.com.ar\/index.php\/wp-json\/wp\/v2\/categories?post=8427"},{"taxonomy":"post_tag","embeddable":true,"href":"https:\/\/vocesdebaires.com.ar\/index.php\/wp-json\/wp\/v2\/tags?post=8427"}],"curies":[{"name":"wp","href":"https:\/\/api.w.org\/{rel}","templated":true}]}}