{"id":8429,"date":"2017-05-24T03:00:00","date_gmt":"2017-05-24T06:00:00","guid":{"rendered":"http:\/\/vocesdebaires.com.ar\/wordpress\/index.php\/2017\/05\/24\/ecoparque-larreta-y-plan-de-transformacion\/"},"modified":"2017-05-24T03:00:00","modified_gmt":"2017-05-24T06:00:00","slug":"ecoparque-larreta-y-plan-de-transformacion","status":"publish","type":"post","link":"https:\/\/vocesdebaires.com.ar\/index.php\/2017\/05\/24\/ecoparque-larreta-y-plan-de-transformacion\/","title":{"rendered":"Ecoparque: Larreta y plan de Transformaci\u00f3n"},"content":{"rendered":"<p>\u00a0<br \/>\nEl jefe de Gobierno porte\u00f1o, Horacio Rodr\u00edguez Larreta, present\u00f3 ayer martes el Plan General de Transformaci\u00f3n del Ecoparque, un programa de trabajo para los pr\u00f3ximos a\u00f1os sobre las 18 hect\u00e1reas que conforman el predio ubicado en el barrio de Palermo, y destac\u00f3 la necesidad de \u201cdar un mensaje de cuidado de la naturaleza\u201d.En ese marco, resalt\u00f3 la \u201cdecisi\u00f3n pol\u00edtica e hist\u00f3rica\u201d que tom\u00f3 su gesti\u00f3n el a\u00f1o pasado de terminar con el zool\u00f3gico tradicional y record\u00f3 que fue un proceso \u201cparticipativo\u201d en el que recibieron m\u00e1s de 50.000 sugerencias de los vecinos.<br \/>\n\u201cLos valores que pusimos como requisitos a quienes trabajaron en esto fue que, primero, este siga siendo un espacio donde se d\u00e9 un mensaje de cuidado de la naturaleza y de los animales. Tambi\u00e9n que sea sustentable y que se respeten los tiempos del traslado de los animales, que va a llevar lo que tenga que llevar\u201d, afirm\u00f3.El principal objetivo del plan es que el Ecoparque contribuya a la conservaci\u00f3n de la biodiversidad, la promoci\u00f3n de la educaci\u00f3n ambiental y al fomento de la innovaci\u00f3n para el desarrollo sustentable.<br \/>\nPara ello, se aumentar\u00e1 el porcentaje de espacio verde en un 24%, se reducir\u00e1 un 40% los senderos de concreto para generar m\u00e1s superficie absorbente, se disminuir\u00e1 en un 26% la presencia de construcciones, se generar\u00e1n espacios de acceso libre y se potenciar\u00e1n los proyectos de conservaci\u00f3n de animales aut\u00f3ctonos vulnerables o en peligro de extinci\u00f3n.Acompa\u00f1ado por el vicejefe de Gobierno, Diego Santilli y por los ministros Andy Freire (Modernizaci\u00f3n) y Eduardo Macchiavelli (Ambiente y Espacio P\u00fablico), Rodr\u00edguez Larreta explic\u00f3 adem\u00e1s que la transformaci\u00f3n del zool\u00f3gico que inici\u00f3 la Ciudad el a\u00f1o pasado es un proceso que han realizado la mayor\u00eda de las grandes ciudades del mundo.<br \/>\n\u201cPara llegar a lo que ten\u00edamos ac\u00e1 tuvimos 135 a\u00f1os de construir este zool\u00f3gico de estilo victoriano, que ya quedan pocos o ninguno en las grandes ciudades del mundo. Todas iniciaron un proceso similar. Y tomamos la decisi\u00f3n pol\u00edtica e hist\u00f3rica de revertir ese proceso, de hacerlo participativo. Fue incre\u00edble la respuesta de la gente, recibimos m\u00e1s de 50.000 sugerencias de c\u00f3mo manejar este proceso\u201d, subray\u00f3.La iniciativa propone una doble l\u00f3gica para el lugar, con una zona de acceso libre y gratuita de 12 hect\u00e1reas, y otra controlada, que a su vez estar\u00e1n divididas en cinco espacios de uso espec\u00edfico: conexi\u00f3n central; conservaci\u00f3n y eco-regiones; investigaci\u00f3n y educaci\u00f3n; arte y cultura; y recreaci\u00f3n y consumo sustentable.<br \/>\nEn ese sentido, Freire explic\u00f3 que el lanzamiento del Plan General es \u201cla etapa dos\u201d del proceso iniciado en 2016, y que estar\u00e1 enfocado en tres ejes principales.\u201cEl primero es el bienestar animal, que va a seguir siendo la prioridad y que es un tema muy complejo. El segundo es el patrimonio arquitect\u00f3nico. Hay 48 edificios de patrimonio hist\u00f3rico en este predio que queremos preservar, poner en valor y que sea un paseo dentro del paseo. Y por \u00faltimo, integrar a los vecinos y que esto sea un centro educativo para la familia, orientado al bienestar animal y al medioambiente\u201d, sostuvo.<br \/>\nSeg\u00fan el proyecto, el sector de conexi\u00f3n central ser\u00e1 \u201cel coraz\u00f3n del parque\u201d, el nudo donde se entrelazan las circulaciones libre, el acceso a la zona controlada y un centro de interpretaci\u00f3n de la biodiversidad. A la vez, generar\u00e1 una conexi\u00f3n urbana entre la calle Rep\u00fablica de la India y la Avenida Sarmiento.En tanto, en el sector de conservaci\u00f3n y eco-regiones, los visitantes realizar\u00e1n un recorrido por la biodiversidad de cada lugar del pa\u00eds representado y conocer\u00e1n los detalles de cada proyecto a trav\u00e9s de una experiencia inmersivas.<br \/>\nEn la zona de investigaci\u00f3n y educaci\u00f3n funcionar\u00e1 el Centro de Rescate Animal, Administraci\u00f3n del Parque y Edificios para la Educaci\u00f3n. Tambi\u00e9n habr\u00e1 un auditorio para charlas, conferencias y clases para ni\u00f1os enfocadas en educaci\u00f3n de la fauna argentina y un \u00e1mbito para que emprendedores comprometidos con la sustentabilidad puedan exponer sus proyectos.Por otra parte, en el sector de arte y cultura habr\u00e1 una galer\u00eda de arte contempor\u00e1neo enfocada en mensajes sobre el ambiente y la biodiversidad, as\u00ed como talleres para ni\u00f1os y un museo de ciencias naturales enfocado en fauna aut\u00f3ctona.<br \/>\nPor \u00faltimo, el espacio de recreaci\u00f3n y consumo sustentable ser\u00e1 destinado a actividades l\u00fadicas para ni\u00f1os con foco en la educaci\u00f3n ambiental y la biodiversidad argentina, junto a actividades y usos para concientizar sobre el consumo sustentable.El proyecto final es de largo plazo porque respeta los tiempos de los animales, asegurando su bienestar. El proceso est\u00e1 pensado en tres grandes etapas: 2017-2019; 2020-2023 y 2023-en adelante, sujetos a los tiempos biol\u00f3gicos de los ejemplares que no puedan ser derivados.<\/p>\n","protected":false},"excerpt":{"rendered":"<p>\u00a0 El jefe de Gobierno porte\u00f1o, Horacio Rodr\u00edguez Larreta, present\u00f3 ayer martes el Plan General de Transformaci\u00f3n del Ecoparque, un programa de trabajo para los pr\u00f3ximos a\u00f1os sobre las 18 hect\u00e1reas que conforman el predio ubicado en el barrio de Palermo, y destac\u00f3 la necesidad de \u201cdar un mensaje de cuidado de la naturaleza\u201d.En ese [&hellip;]<\/p>\n","protected":false},"author":1,"featured_media":659,"comment_status":"open","ping_status":"open","sticky":false,"template":"","format":"standard","meta":{"_et_pb_use_builder":"","_et_pb_old_content":"","_et_gb_content_width":"","footnotes":""},"categories":[11,33],"tags":[],"class_list":["post-8429","post","type-post","status-publish","format-standard","has-post-thumbnail","hentry","category-ciudad","category-sociedad-y-cultura-2"],"_links":{"self":[{"href":"https:\/\/vocesdebaires.com.ar\/index.php\/wp-json\/wp\/v2\/posts\/8429"}],"collection":[{"href":"https:\/\/vocesdebaires.com.ar\/index.php\/wp-json\/wp\/v2\/posts"}],"about":[{"href":"https:\/\/vocesdebaires.com.ar\/index.php\/wp-json\/wp\/v2\/types\/post"}],"author":[{"embeddable":true,"href":"https:\/\/vocesdebaires.com.ar\/index.php\/wp-json\/wp\/v2\/users\/1"}],"replies":[{"embeddable":true,"href":"https:\/\/vocesdebaires.com.ar\/index.php\/wp-json\/wp\/v2\/comments?post=8429"}],"version-history":[{"count":0,"href":"https:\/\/vocesdebaires.com.ar\/index.php\/wp-json\/wp\/v2\/posts\/8429\/revisions"}],"wp:featuredmedia":[{"embeddable":true,"href":"https:\/\/vocesdebaires.com.ar\/index.php\/wp-json\/wp\/v2\/media\/659"}],"wp:attachment":[{"href":"https:\/\/vocesdebaires.com.ar\/index.php\/wp-json\/wp\/v2\/media?parent=8429"}],"wp:term":[{"taxonomy":"category","embeddable":true,"href":"https:\/\/vocesdebaires.com.ar\/index.php\/wp-json\/wp\/v2\/categories?post=8429"},{"taxonomy":"post_tag","embeddable":true,"href":"https:\/\/vocesdebaires.com.ar\/index.php\/wp-json\/wp\/v2\/tags?post=8429"}],"curies":[{"name":"wp","href":"https:\/\/api.w.org\/{rel}","templated":true}]}}