{"id":8438,"date":"2017-05-23T03:00:00","date_gmt":"2017-05-23T06:00:00","guid":{"rendered":"http:\/\/vocesdebaires.com.ar\/wordpress\/index.php\/2017\/05\/23\/salud-primera-guia-para-los-jovenes\/"},"modified":"2017-05-23T03:00:00","modified_gmt":"2017-05-23T06:00:00","slug":"salud-primera-guia-para-los-jovenes","status":"publish","type":"post","link":"https:\/\/vocesdebaires.com.ar\/index.php\/2017\/05\/23\/salud-primera-guia-para-los-jovenes\/","title":{"rendered":"Salud: Primera gu\u00eda para los j\u00f3venes"},"content":{"rendered":"<p>\u00a0<br \/>\nEl ministerio de Salud de la Provincia, a trav\u00e9s de la subsecretar\u00eda de Gesti\u00f3n y Contralor del Conocimiento, Redes y Tecnolog\u00edas Sanitarias, cre\u00f3 la primera \u201cGu\u00eda de Residentes de la Provincia de Buenos Aires\u201d, una herramienta que cuenta con la informaci\u00f3n de cada una de las especialidades, los hospitales y los distritos bonaerenses, en donde m\u00e1s de 1.700 j\u00f3venes podr\u00e1n comenzar esta instancia de formaci\u00f3n, a partir del 1\u00ba de junio pr\u00f3ximo. La misma puede verse online y descargarse a trav\u00e9s del link <a href=\"http:\/\/www.ms.gba.gov.ar\/sitio&quot;&gt;http:\/\/www.ms.gba.gov.ar\/sitio<\/a> s\/residencias\/informaci\u00f3n\/ y contiene 12 cap\u00edtulos divididos por regiones sanitarias, donde se destacan las caracter\u00edsticas demogr\u00e1ficas de cada uno de los municipios, el perfil de los hospitales y las unidades sanitarias y las particularidades de cada una de las 58 especialidades m\u00e9dicas y no m\u00e9dicas vinculadas a la salud, que ofrece la Provincia a los 1.708 j\u00f3venes en condiciones de desarrollar sus residencias en todo el territorio bonaerense, desde las pr\u00f3ximas semanas. El director de Capacitaci\u00f3n y Desarrollo de Trabajadores de la Salud -que depende de la subsecretar\u00eda de Gesti\u00f3n-, Marcelo Garc\u00eda Dieguez, manifest\u00f3 que \u201ceste trabajo busca acercar las residencias de toda la Provincia a los futuros m\u00e9dicos para que puedan decidir d\u00f3nde realizar su estancia de formaci\u00f3n a partir de la informaci\u00f3n brindada a trav\u00e9s de esta gu\u00eda\u201d. Este a\u00f1o, seg\u00fan explic\u00f3 Garc\u00eda Dieguez, \u201cvuelven a ofertarse m\u00e1s vacantes en especialidades priorizadas, es decir, aquellas en las que hay mas necesidad de profesionales, como cl\u00ednica m\u00e9dica, ginecolog\u00eda, obstetricia, pediatr\u00eda, terapia intensiva y neonatolog\u00eda. La mayor\u00eda son m\u00e9dicos, pero tambi\u00e9n hay psic\u00f3logos, trabajadores sociales, enfermeros y kinesi\u00f3logos, entre otras disciplinas que se ocupan de la salud\u201d, sostuvo el director provincial. Adem\u00e1s, explic\u00f3 que, en l\u00ednea con el plan de fortalecimiento de las guardias y servicios de emergencia de la Provincia, \u201cse sumaron cargos en ortopedia y traumatolog\u00eda, cirug\u00eda general y emergentolog\u00eda\u201d. Por su parte, la ministra de Salud provincial, Zulma Ortiz, enfatiz\u00f3 que \u201csumamos las propuestas de varios municipios que necesitan determinados especialistas\u201d. Para ello, destac\u00f3 el acuerdo que se firm\u00f3 con los intendentes de esos distritos para ofrecer a los nuevos residentes un \u201cpaquete motivacional\u201d en el marco del programa \u2018Quiero Ser Residente\u2019, que busca incentivar a los j\u00f3venes profesionales para que elijan formarse en hospitales del interior bonaerense.El listado de los municipios que ya se sumaron al Programa y ofrecen un plus salarial -que se suma al que aporta la Provincia- y vivienda para quienes elijan desempe\u00f1arse all\u00ed, ya se encuentra disponible en la web de Residencias del ministerio de Salud de la Provincia, y puede accederse ingresando al link <a href=\"http:\/\/www.ms.gba.gov.ar\/sitio&quot;&gt;http:\/\/www.ms.gba.gov.ar\/sitio<\/a> s\/residencias\/.<\/p>\n","protected":false},"excerpt":{"rendered":"<p>\u00a0 El ministerio de Salud de la Provincia, a trav\u00e9s de la subsecretar\u00eda de Gesti\u00f3n y Contralor del Conocimiento, Redes y Tecnolog\u00edas Sanitarias, cre\u00f3 la primera \u201cGu\u00eda de Residentes de la Provincia de Buenos Aires\u201d, una herramienta que cuenta con la informaci\u00f3n de cada una de las especialidades, los hospitales y los distritos bonaerenses, en [&hellip;]<\/p>\n","protected":false},"author":1,"featured_media":8439,"comment_status":"open","ping_status":"open","sticky":false,"template":"","format":"standard","meta":{"_et_pb_use_builder":"","_et_pb_old_content":"","_et_gb_content_width":"","footnotes":""},"categories":[11,33],"tags":[],"class_list":["post-8438","post","type-post","status-publish","format-standard","has-post-thumbnail","hentry","category-ciudad","category-sociedad-y-cultura-2"],"_links":{"self":[{"href":"https:\/\/vocesdebaires.com.ar\/index.php\/wp-json\/wp\/v2\/posts\/8438"}],"collection":[{"href":"https:\/\/vocesdebaires.com.ar\/index.php\/wp-json\/wp\/v2\/posts"}],"about":[{"href":"https:\/\/vocesdebaires.com.ar\/index.php\/wp-json\/wp\/v2\/types\/post"}],"author":[{"embeddable":true,"href":"https:\/\/vocesdebaires.com.ar\/index.php\/wp-json\/wp\/v2\/users\/1"}],"replies":[{"embeddable":true,"href":"https:\/\/vocesdebaires.com.ar\/index.php\/wp-json\/wp\/v2\/comments?post=8438"}],"version-history":[{"count":0,"href":"https:\/\/vocesdebaires.com.ar\/index.php\/wp-json\/wp\/v2\/posts\/8438\/revisions"}],"wp:featuredmedia":[{"embeddable":true,"href":"https:\/\/vocesdebaires.com.ar\/index.php\/wp-json\/wp\/v2\/media\/8439"}],"wp:attachment":[{"href":"https:\/\/vocesdebaires.com.ar\/index.php\/wp-json\/wp\/v2\/media?parent=8438"}],"wp:term":[{"taxonomy":"category","embeddable":true,"href":"https:\/\/vocesdebaires.com.ar\/index.php\/wp-json\/wp\/v2\/categories?post=8438"},{"taxonomy":"post_tag","embeddable":true,"href":"https:\/\/vocesdebaires.com.ar\/index.php\/wp-json\/wp\/v2\/tags?post=8438"}],"curies":[{"name":"wp","href":"https:\/\/api.w.org\/{rel}","templated":true}]}}