{"id":8440,"date":"2017-05-23T03:00:00","date_gmt":"2017-05-23T06:00:00","guid":{"rendered":"http:\/\/vocesdebaires.com.ar\/wordpress\/index.php\/2017\/05\/23\/encuentro-por-la-ciudad-en-la-argentina\/"},"modified":"2017-05-23T03:00:00","modified_gmt":"2017-05-23T06:00:00","slug":"encuentro-por-la-ciudad-en-la-argentina","status":"publish","type":"post","link":"https:\/\/vocesdebaires.com.ar\/index.php\/2017\/05\/23\/encuentro-por-la-ciudad-en-la-argentina\/","title":{"rendered":"Encuentro por la ciudad en la Argentina"},"content":{"rendered":"<p>\u00a0<br \/>\nDurante el encuentro, Taiana sostuvo: &quot;En este momento de grandes desaf\u00edos, tenemos que hacer un esfuerzo para trabajar todos juntos y frenar las pol\u00edticas de ajuste y recesi\u00f3n que van en contra del Pueblo. Tanto en la Ciudad como en el pa\u00eds tenemos gobiernos neoliberales, restauradores de privilegios para las minor\u00edas y por eso es fundamental buscar coincidencias para avanzar en una alternativa. Es hora de que las organizaciones que coincidimos en el trabajo social tambi\u00e9n lo hagamos en programas y propuestas pol\u00edticas&quot;.<br \/>\nAsimismo, Victoria Donda: &quot;Creemos que hay que construir una Ciudad y un pa\u00eds progresista, donde la pol\u00edtica sea una herramienta de cambio y no una palanca para el enriquecimiento personal y que contribuya al bienestar de las mayor\u00edas&quot;. Por su parte, Claudio Lozano expres\u00f3: &quot;El modelo conservador que ampl\u00eda desigualdades, destruye soberan\u00eda y que exhibe ya aristas represivas es impulsado por el PRO con el apoyo de la UCR y las distintas variantes del Partido Justicialista. Por eso necesitamos un frente que recuperando lo mejor de las culturas populares sea capaz de promover una nueva experiencia pol\u00edtica por la igualdad, la soberan\u00eda y la democracia\u201d.En tanto, Alcira Argumedo se\u00f1al\u00f3: &quot;El impacto de la crisis mundial es tan grande que nos obliga a debatir en profundidad las alternativas al nuevo ciclo que se inici\u00f3 con el fracaso de la globalizaci\u00f3n neoliberal. La paradoja es que Cambiemos tom\u00f3 un marcado rumbo hacia a ese modelo que hoy est\u00e1 en implosi\u00f3n.\u201d<br \/>\nAdrian Camps destac\u00f3 que &quot;Las prioridades en la Ciudad administrada por el PRO las establecen los\u00a0 contratistas de obra p\u00fablica y los desarrolladores inmobiliarios; ellos ejercen el verdadero gobierno. Debemos invertir esta relaci\u00f3n y poner los intereses de nuestros ciudadanos por sobre el poder econ\u00f3mico&quot;. H\u00e9ctor Polino dijo: &quot;La realidad nacional motiva la construcci\u00f3n de una fuerza pol\u00edtica progresista amplia que exprese los derechos e intereses de los sectores populares, hoy avasalladas por el poder econ\u00f3mico y financiero que act\u00faa sin ning\u00fan limite legar y con total impunidad&quot;<br \/>\nPara Itai Hagman, &quot;Hay que evitar que en 2019 la Ciudad discuta una interna de Cambiemos. Eso requiere formar un gran frente anti neoliberal que tiene que incluir al progresismo, la izquierda y el kirchernismo. Tenemos que animarnos a utilizar la herramienta de las PASO.&quot;Asimismo, Jonathan Thea: Tenemos el desaf\u00edo de construir una nueva mayor\u00eda popular, en la cual la unidad no sea s\u00f3lo un slogan sino la forma de expresar una mirada colectiva sobre un proyecto de pa\u00eds y un programa para Ciudad. Facundo Di Filippo: &quot;Ante una ciudad colonizada por el capital inmobiliario es imprescindible mayor nivel de articulaci\u00f3n&quot; Por \u00faltimo, Rafael Klejzer manifest\u00f3: \u201cNosotros somos el Partido de La Dignidad, no venimos de la pol\u00edtica. Sabemos c\u00f3mo cambiar todo lo que deba ser cambiado. Vamos por un salario b\u00e1sico universal para que nadie est\u00e9 por debajo de la l\u00ednea de pobreza. Para que jubilados, j\u00f3venes y mujeres sost\u00e9n de hogar ganen 15.000 pesos. Vamos por el congelamiento de los alquileres para terminar con la especulaci\u00f3n inmobiliaria. Suspensi\u00f3n del pago de la deuda para recuperar nuestra soberan\u00eda. Aumento general de salarios. Bajar la inflaci\u00f3n y las tarifas. Ni una piba menos, feminismo popular\u201d.<\/p>\n","protected":false},"excerpt":{"rendered":"<p>\u00a0 Durante el encuentro, Taiana sostuvo: &quot;En este momento de grandes desaf\u00edos, tenemos que hacer un esfuerzo para trabajar todos juntos y frenar las pol\u00edticas de ajuste y recesi\u00f3n que van en contra del Pueblo. Tanto en la Ciudad como en el pa\u00eds tenemos gobiernos neoliberales, restauradores de privilegios para las minor\u00edas y por eso [&hellip;]<\/p>\n","protected":false},"author":1,"featured_media":8441,"comment_status":"open","ping_status":"open","sticky":false,"template":"","format":"standard","meta":{"_et_pb_use_builder":"","_et_pb_old_content":"","_et_gb_content_width":"","footnotes":""},"categories":[11,33],"tags":[],"class_list":["post-8440","post","type-post","status-publish","format-standard","has-post-thumbnail","hentry","category-ciudad","category-sociedad-y-cultura-2"],"_links":{"self":[{"href":"https:\/\/vocesdebaires.com.ar\/index.php\/wp-json\/wp\/v2\/posts\/8440"}],"collection":[{"href":"https:\/\/vocesdebaires.com.ar\/index.php\/wp-json\/wp\/v2\/posts"}],"about":[{"href":"https:\/\/vocesdebaires.com.ar\/index.php\/wp-json\/wp\/v2\/types\/post"}],"author":[{"embeddable":true,"href":"https:\/\/vocesdebaires.com.ar\/index.php\/wp-json\/wp\/v2\/users\/1"}],"replies":[{"embeddable":true,"href":"https:\/\/vocesdebaires.com.ar\/index.php\/wp-json\/wp\/v2\/comments?post=8440"}],"version-history":[{"count":0,"href":"https:\/\/vocesdebaires.com.ar\/index.php\/wp-json\/wp\/v2\/posts\/8440\/revisions"}],"wp:featuredmedia":[{"embeddable":true,"href":"https:\/\/vocesdebaires.com.ar\/index.php\/wp-json\/wp\/v2\/media\/8441"}],"wp:attachment":[{"href":"https:\/\/vocesdebaires.com.ar\/index.php\/wp-json\/wp\/v2\/media?parent=8440"}],"wp:term":[{"taxonomy":"category","embeddable":true,"href":"https:\/\/vocesdebaires.com.ar\/index.php\/wp-json\/wp\/v2\/categories?post=8440"},{"taxonomy":"post_tag","embeddable":true,"href":"https:\/\/vocesdebaires.com.ar\/index.php\/wp-json\/wp\/v2\/tags?post=8440"}],"curies":[{"name":"wp","href":"https:\/\/api.w.org\/{rel}","templated":true}]}}