{"id":8442,"date":"2017-05-23T03:00:00","date_gmt":"2017-05-23T06:00:00","guid":{"rendered":"http:\/\/vocesdebaires.com.ar\/wordpress\/index.php\/2017\/05\/23\/nuevo-concierto-de-la-camerata-legislatura\/"},"modified":"2017-05-23T03:00:00","modified_gmt":"2017-05-23T06:00:00","slug":"nuevo-concierto-de-la-camerata-legislatura","status":"publish","type":"post","link":"https:\/\/vocesdebaires.com.ar\/index.php\/2017\/05\/23\/nuevo-concierto-de-la-camerata-legislatura\/","title":{"rendered":"Nuevo concierto de la Camerata Legislatura"},"content":{"rendered":"<p>\u00a0<br \/>\nComo parte del ciclo &quot;M\u00fasica Cl\u00e1sica Argentina 2017&quot; en su 12\u00b0 temporada la Camerata Legislatura ofrecer\u00e1 un nuevo concierto en el Sal\u00f3n San Mart\u00edn &#8211; Per\u00fa 160 con entrada libre y gratuita.El programa incluye de Wolfgang Amadeus Mozart la Obertura de la \u00d3pera de las Bodas de Figaro; de Giovanni Bottesini el Concierto para Contrabajo y Orquesta en Si menor con la participaci\u00f3n como Solista de Emiliano Lorenzo en tres movimientos: Moderato, Andante y Allegro.  A continuaci\u00f3n, la Solista Patricia Puricelli interpretar\u00e1 del maestro Claude Debussy &quot;Danzas Sacras y Profanas&quot;. Luego, Pablo Fernando Llamazares har\u00e1 lo propio con &quot;M\u00e1gico&quot; para arpa, cuerdas y percusi\u00f3n. En el cierre, de Mozart se oir\u00e1 tambi\u00e9n el &quot;Concierto N\u00b0 4 en Re Mayor para Viol\u00edn, K.218&quot; con Marcelo Rebuffi como Solista, en los movimientos Alegro, Andante, Cantabile y Rondeau: Alegro.<br \/>\nCamerata Legislatura<br \/>\nLa idea de conformar una Camerata surgi\u00f3 mientras los conciertos del Ciclo de M\u00fasica Cl\u00e1sica Argentina de la Legislatura de los viernes se iban consolidando. De manera que a partir de los grupos y los solistas que participaron en esos encuentros se comenz\u00f3 a gestar la posibilidad de conformar un grupo musical.<br \/>\nLa Camerata Legislatura debut\u00f3 con un concierto realizado en el Palacio Legislativo durante la Noche de los Museos de 2011. La experiencia se repiti\u00f3 con varios conciertos en los a\u00f1os siguientes y a partir del a\u00f1o 2014 desarroll\u00f3 su actividades durante todos los meses. Ha realizado distintos homenajes a grandes figuras de la m\u00fasica argentina y universal tales como Wolfgang Amadeus Mozart, Alberto Ginastera, Antonio Vivaldi, Eduardo Fal\u00fa, Atahualpa Yupanqui, Astor Piazzolla, entre otros. Tambi\u00e9n ha grabado -y contin\u00faa haci\u00e9ndolo- diversos programas pilotos de sus conciertos que se transmiten por la se\u00f1al Arpegio Canal 24.03 de la TDA- Televisi\u00f3n Digital Argentina-. En 2015 recibi\u00f3 el Premio Est\u00edmulo otorgado por la Asociaci\u00f3n\u00a0 de Cr\u00edticos Musicales de la Argentina. Pr\u00f3ximos conciertos<br \/>\nEl Ciclo de M\u00fasica Cl\u00e1sica Argentina organizado por Acci\u00f3n Cultural de la Direcci\u00f3n General de Cultura de la Legislatura porte\u00f1a, bajo la direcci\u00f3n art\u00edstica del Lic. Carlos Carmona se desarrolla de abril a diciembre en los salones del palacio con entrada libre y gratuita. Este ciclo tiene por objeto promover la interpretaci\u00f3n de obras de creadores argentinos y cl\u00e1sicos universales.<br \/>\nViernes 26 de mayo: Orquesta Estudiantil de Buenos Aires &#8211; 19:00, Sal\u00f3n Dorado.Martes 30 de mayo: Patricio Mu\u00f1oz Quezada, guitarrista chileno &#8211; 19:00, Sal\u00f3n Intersecretar\u00edas-Presidente Alfons\u00edn.Viernes 2 de junio: Coro Profesorado UTN &#8211; 19:00, Sal\u00f3n Intersecretar\u00edas-Presidente Alfons\u00edn.<\/p>\n","protected":false},"excerpt":{"rendered":"<p>\u00a0 Como parte del ciclo &quot;M\u00fasica Cl\u00e1sica Argentina 2017&quot; en su 12\u00b0 temporada la Camerata Legislatura ofrecer\u00e1 un nuevo concierto en el Sal\u00f3n San Mart\u00edn &#8211; Per\u00fa 160 con entrada libre y gratuita.El programa incluye de Wolfgang Amadeus Mozart la Obertura de la \u00d3pera de las Bodas de Figaro; de Giovanni Bottesini el Concierto para [&hellip;]<\/p>\n","protected":false},"author":1,"featured_media":8443,"comment_status":"open","ping_status":"open","sticky":false,"template":"","format":"standard","meta":{"_et_pb_use_builder":"","_et_pb_old_content":"","_et_gb_content_width":"","footnotes":""},"categories":[11,33],"tags":[],"class_list":["post-8442","post","type-post","status-publish","format-standard","has-post-thumbnail","hentry","category-ciudad","category-sociedad-y-cultura-2"],"_links":{"self":[{"href":"https:\/\/vocesdebaires.com.ar\/index.php\/wp-json\/wp\/v2\/posts\/8442"}],"collection":[{"href":"https:\/\/vocesdebaires.com.ar\/index.php\/wp-json\/wp\/v2\/posts"}],"about":[{"href":"https:\/\/vocesdebaires.com.ar\/index.php\/wp-json\/wp\/v2\/types\/post"}],"author":[{"embeddable":true,"href":"https:\/\/vocesdebaires.com.ar\/index.php\/wp-json\/wp\/v2\/users\/1"}],"replies":[{"embeddable":true,"href":"https:\/\/vocesdebaires.com.ar\/index.php\/wp-json\/wp\/v2\/comments?post=8442"}],"version-history":[{"count":0,"href":"https:\/\/vocesdebaires.com.ar\/index.php\/wp-json\/wp\/v2\/posts\/8442\/revisions"}],"wp:featuredmedia":[{"embeddable":true,"href":"https:\/\/vocesdebaires.com.ar\/index.php\/wp-json\/wp\/v2\/media\/8443"}],"wp:attachment":[{"href":"https:\/\/vocesdebaires.com.ar\/index.php\/wp-json\/wp\/v2\/media?parent=8442"}],"wp:term":[{"taxonomy":"category","embeddable":true,"href":"https:\/\/vocesdebaires.com.ar\/index.php\/wp-json\/wp\/v2\/categories?post=8442"},{"taxonomy":"post_tag","embeddable":true,"href":"https:\/\/vocesdebaires.com.ar\/index.php\/wp-json\/wp\/v2\/tags?post=8442"}],"curies":[{"name":"wp","href":"https:\/\/api.w.org\/{rel}","templated":true}]}}