{"id":8448,"date":"2017-05-23T03:00:00","date_gmt":"2017-05-23T06:00:00","guid":{"rendered":"http:\/\/vocesdebaires.com.ar\/wordpress\/index.php\/2017\/05\/23\/ciudad-larreta-inaugurar-temporada-de-poda-invernal\/"},"modified":"2017-05-23T03:00:00","modified_gmt":"2017-05-23T06:00:00","slug":"ciudad-larreta-inaugurar-temporada-de-poda-invernal","status":"publish","type":"post","link":"https:\/\/vocesdebaires.com.ar\/index.php\/2017\/05\/23\/ciudad-larreta-inaugurar-temporada-de-poda-invernal\/","title":{"rendered":"Ciudad: Larreta inaugurar temporada de poda invernal"},"content":{"rendered":"<p>\u00a0<br \/>\nEl jefe de Gobierno porte\u00f1o, Rodr\u00edguez Larreta, particip\u00f3\u00a0 ayer lunes del inicio de la temporada de poda invernal en la Ciudad de Buenos Aires y destac\u00f3 la importancia que tiene para su gesti\u00f3n el cuidado del arbolado p\u00fablico.En ese marco, resalt\u00f3 que este a\u00f1o la poda ser\u00e1 \u201cintensa\u201d, afirm\u00f3 que es \u201cuno de los temas que m\u00e1s se reclama en la Ciudad\u201d y aclar\u00f3 que solo se extrae un ejemplar \u201cen casos muy extremos\u201d.<br \/>\n\u201cSiempre se puede reclamar a trav\u00e9s de las comunas, es la mejor manera de hacerlo. Tambi\u00e9n si hay alguna duda respecto de que el \u00e1rbol est\u00e9 demasiado a\u00f1ejo y se pueda caer, pero solamente se extrae en casos muy extremos, cuando generen un peligro cierto. Para nosotros, la arboleda de la Ciudad es uno de los principales activos. Comparado con otras ciudades, Buenos Aires tiene una arboleda muy grande y, de hecho, todos los a\u00f1os se plantan m\u00e1s de los que se extraen\u201d, asever\u00f3 el Jefe de Gobierno.<br \/>\nAcompa\u00f1ado por el secretario de Descentralizaci\u00f3n, Sergio Constantino, y el presidente de la Comuna 4, Jorge Apreda, Rodr\u00edguez Larreta explic\u00f3 que la Ciudad tiene un plan \u201cen detalle\u201d para los trabajos en la v\u00eda p\u00fablica \u201cque se suma a la planificaci\u00f3n que hacen las comunas y con los reclamos que hacen los vecinos\u201d.Entre otras cosas, tambi\u00e9n record\u00f3 que la poda \u201ces fundamental para la seguridad\u201d y que por eso \u201cmuchas veces va de la mano del despeje de las luminarias para \u201cque la Ciudad est\u00e9 bien iluminada\u201d.<br \/>\n\u201cEs uno de los temas que m\u00e1s se reclama en la Ciudad, por eso tenemos tantos pedidos y por eso el esfuerzo que se est\u00e1 haciendo.\u00a0 Este va a ser un a\u00f1o de mucha poda, el planeamiento es muy ambicioso. Y los vecinos todav\u00eda est\u00e1n a tiempo de sugerir o de pedir\u201d, concluy\u00f3.El servicio de poda y retiro es gratuito y las solicitudes se pueden realizar de manera personal en la sede comunal de cada barrio; por tel\u00e9fono, llamando al 147; o por Internet, completando una solicitud online en el sistema de solicitudes del GCBA (<a href=\"http:\/\/solicitudes.buenosaires.gob.ar\/suaci\/index&quot;&gt;http:\/\/solicitudes.buenosaires.gob.ar\/suaci\/index<\/a>).<br \/>\nCualquier vecino puede reclamar por los \u00e1rboles correspondientes a su frente de vereda, explicando brevemente los motivos de la solicitud y dejar algunos datos personales. El n\u00famero de solicitud sirve como comprobante del tr\u00e1mite y facilita el seguimiento.Exceptuando el tiempo de veda, durante el resto del a\u00f1o se realizan tareas de mantenimiento seg\u00fan el ejemplar, sus necesidades y las situaciones de emergencia que puedan presentarse. Los trabajos se planifican a partir de las solicitudes de los vecinos, y una vez hechas las verificaciones, se analiza si corresponde la intervenci\u00f3n y qu\u00e9 clase de tarea debe realizarse.<br \/>\nCabe destacar que hasta 2013, el cuidado de los \u00e1rboles porte\u00f1os depend\u00eda de la Direcci\u00f3n General de Arbolado del Gobierno central. Pero desde entonces, esa competencia fue descentralizada y transferida a cada una de las 15 Comunas, que planifican la poda de su respectiva jurisdicci\u00f3n, trabajando de modo articulado con la Secretar\u00eda de Descentralizaci\u00f3n.Los trabajos est\u00e1n supervisados por personal especializado (ingenieros agr\u00f3nomos, t\u00e9cnicos en jardiner\u00eda, paisajismo) y empresas contratistas que ejecutan las tareas.<br \/>\nSi bien existe un plan para completar la poda de todo el arbolado urbano porte\u00f1o en un per\u00edodo de 4 a\u00f1os (2016-2019), cada a\u00f1o se planifica espec\u00edficamente qu\u00e9 corredores se van a intervenir, teniendo en cuenta las especies y el tipo de tareas a realizar seg\u00fan la necesidad de los ejemplares.La planificaci\u00f3n tiene el objetivo de optimizar la ejecuci\u00f3n de las tareas; en caso de que un d\u00eda no se pueda llevar a cabo la intervenci\u00f3n en los \u00e1rboles de un corredor (debido al mal clima o a la presencia de autos estacionados), esa tarea pasa al final de la planificaci\u00f3n sin interrumpir el curso de lo planeado.<\/p>\n","protected":false},"excerpt":{"rendered":"<p>\u00a0 El jefe de Gobierno porte\u00f1o, Rodr\u00edguez Larreta, particip\u00f3\u00a0 ayer lunes del inicio de la temporada de poda invernal en la Ciudad de Buenos Aires y destac\u00f3 la importancia que tiene para su gesti\u00f3n el cuidado del arbolado p\u00fablico.En ese marco, resalt\u00f3 que este a\u00f1o la poda ser\u00e1 \u201cintensa\u201d, afirm\u00f3 que es \u201cuno de los [&hellip;]<\/p>\n","protected":false},"author":1,"featured_media":8449,"comment_status":"open","ping_status":"open","sticky":false,"template":"","format":"standard","meta":{"_et_pb_use_builder":"","_et_pb_old_content":"","_et_gb_content_width":"","footnotes":""},"categories":[34,13],"tags":[],"class_list":["post-8448","post","type-post","status-publish","format-standard","has-post-thumbnail","hentry","category-politica","category-provincia"],"_links":{"self":[{"href":"https:\/\/vocesdebaires.com.ar\/index.php\/wp-json\/wp\/v2\/posts\/8448"}],"collection":[{"href":"https:\/\/vocesdebaires.com.ar\/index.php\/wp-json\/wp\/v2\/posts"}],"about":[{"href":"https:\/\/vocesdebaires.com.ar\/index.php\/wp-json\/wp\/v2\/types\/post"}],"author":[{"embeddable":true,"href":"https:\/\/vocesdebaires.com.ar\/index.php\/wp-json\/wp\/v2\/users\/1"}],"replies":[{"embeddable":true,"href":"https:\/\/vocesdebaires.com.ar\/index.php\/wp-json\/wp\/v2\/comments?post=8448"}],"version-history":[{"count":0,"href":"https:\/\/vocesdebaires.com.ar\/index.php\/wp-json\/wp\/v2\/posts\/8448\/revisions"}],"wp:featuredmedia":[{"embeddable":true,"href":"https:\/\/vocesdebaires.com.ar\/index.php\/wp-json\/wp\/v2\/media\/8449"}],"wp:attachment":[{"href":"https:\/\/vocesdebaires.com.ar\/index.php\/wp-json\/wp\/v2\/media?parent=8448"}],"wp:term":[{"taxonomy":"category","embeddable":true,"href":"https:\/\/vocesdebaires.com.ar\/index.php\/wp-json\/wp\/v2\/categories?post=8448"},{"taxonomy":"post_tag","embeddable":true,"href":"https:\/\/vocesdebaires.com.ar\/index.php\/wp-json\/wp\/v2\/tags?post=8448"}],"curies":[{"name":"wp","href":"https:\/\/api.w.org\/{rel}","templated":true}]}}