{"id":8450,"date":"2017-05-22T03:00:00","date_gmt":"2017-05-22T06:00:00","guid":{"rendered":"http:\/\/vocesdebaires.com.ar\/wordpress\/index.php\/2017\/05\/22\/ciudad-barenboim-junto-a-martha-argerich\/"},"modified":"2017-05-22T03:00:00","modified_gmt":"2017-05-22T06:00:00","slug":"ciudad-barenboim-junto-a-martha-argerich","status":"publish","type":"post","link":"https:\/\/vocesdebaires.com.ar\/index.php\/2017\/05\/22\/ciudad-barenboim-junto-a-martha-argerich\/","title":{"rendered":"Ciudad: Barenboim junto a Martha Argerich"},"content":{"rendered":"<p>\u00a0<br \/>\nEl jefe de Gobierno porte\u00f1o, Larreta, mantuvo un encuentro en Berl\u00edn con el prestigioso m\u00fasico argentino Daniel Barenboim, con quien acordaron la realizaci\u00f3n de un concierto gratuito al aire libre y construir junto al Teatro Col\u00f3n \u201cel legado\u201d para la Ciudad en la formaci\u00f3n de j\u00f3venes en la excelencia art\u00edstica y el compromiso social.El concierto est\u00e1 previsto para el 24 de julio en la Ciudad de Buenos Aires, con entrada libre y gratuita, y Barenboim estar\u00e1 acompa\u00f1ado por la pianista Martha Argerich.<br \/>\n\u201cPara Buenos Aires es un honor renovar el trabajo conjunto y planificar nuevas iniciativas con el maestro Barenboim. \u00c9l nos manifest\u00f3 que a pesar de vivir hace muchos a\u00f1os fuera de la Argentina, se siente un porte\u00f1o enamorado de su Ciudad&quot;, dijo Rodr\u00edguez Larreta tras el almuerzo que mantuvieron. Barenboim ser\u00e1 el alma m\u00e1ter de la orquesta del Instituto Superior de Arte del Teatro Col\u00f3n y su fundaci\u00f3n dar\u00e1 entre cinco y 12 becas para j\u00f3venes m\u00fasicos de la ciudad, que ser\u00e1n preseleccionados de manera a determinar entre el m\u00fasico y Enrique Arturo Diemecke, director art\u00edstico del Col\u00f3n. Los m\u00fasicos elegidos viajar\u00e1n a la capital alemana para trabajar durante tres semanas en la fundaci\u00f3n Barenboim-Said.<br \/>\nBarenboim se mostr\u00f3 muy entusiasmado en brindar su aporte y transmitir sus conocimientos acad\u00e9micos a los j\u00f3venes m\u00fasicos del Col\u00f3n. El pr\u00f3ximo a\u00f1o el proyecto involucra a la Staatsoper de Berl\u00edn (una de las orquestas m\u00e1s poderosas del mundo) y al Col\u00f3n, con la \u00f3pera Tristan e Isolda, de Richard Wagner. La Opera de Berl\u00edn aportar\u00e1 la producci\u00f3n y la orquesta dirigida por el maestro Barenboim y el Coro estable del teatro porte\u00f1o.<br \/>\nReuni\u00f3n con empresarios<br \/>\nRodr\u00edguez Larreta adem\u00e1s visit\u00f3 el Ministerio de Relaciones Exteriores, donde mantuvo un encuentro con 20 empresas alemanas de primer nivel: Siemens Mobilit\u00e4t, Herrenknecht, SAP AG, Deutsche Bahn Engineering &amp; Consulting, Bombardier Deutschland, Ferrostaal Equipment Solutions, Siemens Healthcare, Berliner Energieagentur, Berliner Wasserbetriebe, Berliner Stadtreinigung (BSR), Berlin Tourismus &amp; Kongress\/Visit Berlin y Staatsoper Berlin. Tambi\u00e9n estuvieron presentes la compa\u00f1\u00eda alemana de seguros de cr\u00e9dito, Euler Hermes, y la Asociaci\u00f3n de la Industria Ferroviaria en Alemania (VDB).<br \/>\nAll\u00ed present\u00f3 la visi\u00f3n de la Ciudad de Buenos Aires y las principales \u00e1reas de inversiones p\u00fablica y privada. El Jefe de Gobierno de la Ciudad describi\u00f3 las oportunidades de inversi\u00f3n en proyectos de desarrollo urbano y las nuevas posibilidades que ofrece la capital argentina como plataforma de negocios.<br \/>\nLas firmas manifestaron su inter\u00e9s en diferentes rubros como movilidad urbana; infraestructura; productos y servicios digitales; equipos y servicios de salud; soluciones para eficiencia energ\u00e9tica; saneamiento y agua; manejo de residuos urbanos y turismo. De la reuni\u00f3n participaron tambi\u00e9n participaron el secretario general del Gobierno porte\u00f1o, Fernando Straface; la Vicepresidente 1\u00aa de la Legislatura, Carmen Polledo, los legisladores porte\u00f1os Francisco Quintana, Paula Oliveto y Maximiliano Ferraro, y el embajador Luis Mar\u00eda Kreckler. La delegaci\u00f3n fue recibida por la Legislatura de Berl\u00edn en sesi\u00f3n plenaria, como muestra de amistad entre ambas ciudades.<\/p>\n","protected":false},"excerpt":{"rendered":"<p>\u00a0 El jefe de Gobierno porte\u00f1o, Larreta, mantuvo un encuentro en Berl\u00edn con el prestigioso m\u00fasico argentino Daniel Barenboim, con quien acordaron la realizaci\u00f3n de un concierto gratuito al aire libre y construir junto al Teatro Col\u00f3n \u201cel legado\u201d para la Ciudad en la formaci\u00f3n de j\u00f3venes en la excelencia art\u00edstica y el compromiso social.El [&hellip;]<\/p>\n","protected":false},"author":1,"featured_media":8451,"comment_status":"open","ping_status":"open","sticky":false,"template":"","format":"standard","meta":{"_et_pb_use_builder":"","_et_pb_old_content":"","_et_gb_content_width":"","footnotes":""},"categories":[11,32],"tags":[],"class_list":["post-8450","post","type-post","status-publish","format-standard","has-post-thumbnail","hentry","category-ciudad","category-comunas"],"_links":{"self":[{"href":"https:\/\/vocesdebaires.com.ar\/index.php\/wp-json\/wp\/v2\/posts\/8450"}],"collection":[{"href":"https:\/\/vocesdebaires.com.ar\/index.php\/wp-json\/wp\/v2\/posts"}],"about":[{"href":"https:\/\/vocesdebaires.com.ar\/index.php\/wp-json\/wp\/v2\/types\/post"}],"author":[{"embeddable":true,"href":"https:\/\/vocesdebaires.com.ar\/index.php\/wp-json\/wp\/v2\/users\/1"}],"replies":[{"embeddable":true,"href":"https:\/\/vocesdebaires.com.ar\/index.php\/wp-json\/wp\/v2\/comments?post=8450"}],"version-history":[{"count":0,"href":"https:\/\/vocesdebaires.com.ar\/index.php\/wp-json\/wp\/v2\/posts\/8450\/revisions"}],"wp:featuredmedia":[{"embeddable":true,"href":"https:\/\/vocesdebaires.com.ar\/index.php\/wp-json\/wp\/v2\/media\/8451"}],"wp:attachment":[{"href":"https:\/\/vocesdebaires.com.ar\/index.php\/wp-json\/wp\/v2\/media?parent=8450"}],"wp:term":[{"taxonomy":"category","embeddable":true,"href":"https:\/\/vocesdebaires.com.ar\/index.php\/wp-json\/wp\/v2\/categories?post=8450"},{"taxonomy":"post_tag","embeddable":true,"href":"https:\/\/vocesdebaires.com.ar\/index.php\/wp-json\/wp\/v2\/tags?post=8450"}],"curies":[{"name":"wp","href":"https:\/\/api.w.org\/{rel}","templated":true}]}}