{"id":8452,"date":"2017-05-22T03:00:00","date_gmt":"2017-05-22T06:00:00","guid":{"rendered":"http:\/\/vocesdebaires.com.ar\/wordpress\/index.php\/2017\/05\/22\/expo-empleo-joven-santilli-visito-empresas\/"},"modified":"2017-05-22T03:00:00","modified_gmt":"2017-05-22T06:00:00","slug":"expo-empleo-joven-santilli-visito-empresas","status":"publish","type":"post","link":"https:\/\/vocesdebaires.com.ar\/index.php\/2017\/05\/22\/expo-empleo-joven-santilli-visito-empresas\/","title":{"rendered":"Expo Empleo Joven: Santilli visit\u00f3 empresas"},"content":{"rendered":"<p>\u00a0<br \/>\nEl Vicejefe de Gobierno inici\u00f3 las recorridas por los participantes de la edici\u00f3n 2017 que se llevar\u00e1 a cabo en la Rural, entre el 30 y el 31 de mayo.\u00a0Como actividad previa a la nueva edici\u00f3n de Expo Empleo Joven, el Vicejefe de Gobierno, Diego Santilli comenz\u00f3 la visita a Exo Argentina, empresa pionera en inform\u00e1tica, ubicada en el distrito tecnol\u00f3gico porte\u00f1o y que contratar\u00e1 a 35 j\u00f3venes. Luego la recorrida contin\u00fao por Suizo Argentina.\u00a0\u201cSon 10 mil las oportunidades laborales que estar\u00e1n esperando a los j\u00f3venes este a\u00f1o. Todos los que tengan entre 18 y 29 a\u00f1os, residan en la Ciudad o no, pueden participar. Que podamos contar con tantas oportunidades tiene que ver con el trabajo en equipo que venimos realizando con el sector privado y que desde Exo formen parte de esta iniciativa nos llena de orgullo\u201d, explic\u00f3 Santilli Despu\u00e9s, el itinerario continu\u00f3 en la empresa Suizo Argentina, de Villa Lugano, que acompa\u00f1\u00f3 en la pasada edici\u00f3n, y en la que 50 chicos consiguieron su empleo, para este a\u00f1o decidi\u00f3 redoblar la apuesta con la b\u00fasqueda de 88 j\u00f3venes que se insertar\u00e1n en el mercado laboral. Santilli tambi\u00e9n estuvo en Coca Cola Femsa, en Parque Patricios, otra de las empresas que acompa\u00f1a Expo Empleo Joven y que en esta edici\u00f3n contratar\u00e1 a 13 j\u00f3venes. La recorrida semanal culmin\u00f3 en JP Morgan, una compa\u00f1\u00eda que est\u00e1 establecida hace m\u00e1s de 100 a\u00f1os en el pa\u00eds y que planea emplear a 600 personas en esta feria.Las visitas proseguir\u00e1n en los pr\u00f3ximos d\u00edas en empresas como Mercado Libre, IBM y Ernst &amp; Young que se sumar\u00e1n a las b\u00fasquedas laborales de Expo Empleo Joven.\u00a0\u201cEs la feria de empleo joven m\u00e1s grande del mundo. Invitamos a todos los chicos que vengan a traer su CV y encontrar la oportunidad de empezar a trabajar para su futuro. Nosotros estamos para respaldarlos\u201d, concluy\u00f3 el Vicejefe.<\/p>\n","protected":false},"excerpt":{"rendered":"<p>\u00a0 El Vicejefe de Gobierno inici\u00f3 las recorridas por los participantes de la edici\u00f3n 2017 que se llevar\u00e1 a cabo en la Rural, entre el 30 y el 31 de mayo.\u00a0Como actividad previa a la nueva edici\u00f3n de Expo Empleo Joven, el Vicejefe de Gobierno, Diego Santilli comenz\u00f3 la visita a Exo Argentina, empresa pionera [&hellip;]<\/p>\n","protected":false},"author":1,"featured_media":8453,"comment_status":"open","ping_status":"open","sticky":false,"template":"","format":"standard","meta":{"_et_pb_use_builder":"","_et_pb_old_content":"","_et_gb_content_width":"","footnotes":""},"categories":[11,33],"tags":[],"class_list":["post-8452","post","type-post","status-publish","format-standard","has-post-thumbnail","hentry","category-ciudad","category-sociedad-y-cultura-2"],"_links":{"self":[{"href":"https:\/\/vocesdebaires.com.ar\/index.php\/wp-json\/wp\/v2\/posts\/8452"}],"collection":[{"href":"https:\/\/vocesdebaires.com.ar\/index.php\/wp-json\/wp\/v2\/posts"}],"about":[{"href":"https:\/\/vocesdebaires.com.ar\/index.php\/wp-json\/wp\/v2\/types\/post"}],"author":[{"embeddable":true,"href":"https:\/\/vocesdebaires.com.ar\/index.php\/wp-json\/wp\/v2\/users\/1"}],"replies":[{"embeddable":true,"href":"https:\/\/vocesdebaires.com.ar\/index.php\/wp-json\/wp\/v2\/comments?post=8452"}],"version-history":[{"count":0,"href":"https:\/\/vocesdebaires.com.ar\/index.php\/wp-json\/wp\/v2\/posts\/8452\/revisions"}],"wp:featuredmedia":[{"embeddable":true,"href":"https:\/\/vocesdebaires.com.ar\/index.php\/wp-json\/wp\/v2\/media\/8453"}],"wp:attachment":[{"href":"https:\/\/vocesdebaires.com.ar\/index.php\/wp-json\/wp\/v2\/media?parent=8452"}],"wp:term":[{"taxonomy":"category","embeddable":true,"href":"https:\/\/vocesdebaires.com.ar\/index.php\/wp-json\/wp\/v2\/categories?post=8452"},{"taxonomy":"post_tag","embeddable":true,"href":"https:\/\/vocesdebaires.com.ar\/index.php\/wp-json\/wp\/v2\/tags?post=8452"}],"curies":[{"name":"wp","href":"https:\/\/api.w.org\/{rel}","templated":true}]}}