{"id":8455,"date":"2017-05-22T03:00:00","date_gmt":"2017-05-22T06:00:00","guid":{"rendered":"http:\/\/vocesdebaires.com.ar\/wordpress\/index.php\/2017\/05\/22\/ciudad1-350-restaurantes-amigos-de-las-mascotas\/"},"modified":"2017-05-22T03:00:00","modified_gmt":"2017-05-22T06:00:00","slug":"ciudad1-350-restaurantes-amigos-de-las-mascotas","status":"publish","type":"post","link":"https:\/\/vocesdebaires.com.ar\/index.php\/2017\/05\/22\/ciudad1-350-restaurantes-amigos-de-las-mascotas\/","title":{"rendered":"Ciudad:1.350 restaurantes amigos de las mascotas"},"content":{"rendered":"<p>\u00a0<br \/>\nLas mascotas son parte de nuestras familias y por eso la idea es que tambi\u00e9n puedan disfrutar de la Ciudad en compa\u00f1\u00eda de sus due\u00f1os . Por eso, el Gobierno porte\u00f1o tom\u00f3 el compromiso de que 1.000 nuevos locales gastron\u00f3micos habiliten su permanencia en las mesas exteriores. Y los resultados fueron asombrosos: en apenas cuatro meses de 2017, ya son 1.350 los restaurantes adheridos a este programa.<br \/>\nSe ofrece a los locales gastron\u00f3micos concientizaci\u00f3n, capacitaci\u00f3n y distribuimos kits con bebederos, ganchos para correas, manual de recomendaciones para el local y para los due\u00f1os de mascotas, bolsitas para recoger las heces caninas, etc. Y para que los vecinos puedan identificarlos f\u00e1cilmente, los locales adheridos cuentan en sus vidrieras con un sticker como &quot;Local amigo de las mascotas&quot;.El programa es liderado por el Ministerio de Ambiente y Espacio P\u00fablico de la Ciudad, a trav\u00e9s de su Agencia de Protecci\u00f3n Ambiental (APrA),<br \/>\nConvivir con las mascotas<br \/>\nHasta enero 2017, 500 locales gastron\u00f3micos ya eran amigos de las mascotas y permit\u00edan su permanencia en las mesas exteriores. Durante marzo y abril de 2017, se sumaron 850 nuevos locales y as\u00ed se alcanz\u00f3 un total de 1.350.  Adem\u00e1s, durante 2016, la Ciudad remodel\u00f3 14 caniles en los espacios p\u00fablicos para que los vecinos puedan disfrutar del espacio p\u00fablico junto a sus perros, y el mismo camino se seguir\u00e1 en 2017. Por otro lado, los vecinos disponen de10 centros de atenci\u00f3n veterinaria (2 fijos y 8 m\u00f3viles) que nos permiten llegar a todos los barrios de la Ciudad. Durante 2016 se realizaron 31.600 atenciones veterinarias gratuitas (Ver el cronograma:\u00a0 <a href=\"http:\/\/www.buenosaires.gob.ar\/mascotas\/sanidad-animal&quot;&gt;http:\/\/www.buenosaires.gob.ar\/mascotas\/sanidad-animal<\/a>).<br \/>\nTambi\u00e9n, desde Mascotas BA, se promueve la tenencia responsable mediante charlas en las escuelas y seguimos impulsando adopciones a trav\u00e9s de eventos de concientizaci\u00f3n realizados al aire libre.El objetivo de esta iniciativa es promover la participaci\u00f3n de las mascotas en la vida cotidiana de quienes transitan y viven en la Ciudad, priorizando el respeto entre las personas, el cuidado del espacio p\u00fablico y la tenencia responsable de animales. Para esto, en 2015 se realiz\u00f3 la modificaci\u00f3n de la ordenanza 41831 para permitir la permanencia de las mascotas en las mesas exteriores de los locales gastron\u00f3micos, que anteriormente preve\u00eda multas para esos casos.<br \/>\nA los comercios que quieran autodenominarse \u201camigos de las mascotas\u201d y deseen fomentar la permanencia de animales dom\u00e9sticos en sus mesas exteriores, se les hace entrega de un kit con elementos como bebederos, ganchos para correas, manual de recomendaciones para el local y para los due\u00f1os de mascotas, bolsitas para recoger las heces caninas, etc. Y para que los vecinos puedan identificarlos f\u00e1cilmente, contar\u00e1n con un sticker como &quot;Local amigo de las mascotas&quot;, que podr\u00e1n poner en la vidriera.<br \/>\nIngres\u00e1 a <a href=\"http:\/\/bit.ly\/CompromisosMascotas&quot;&gt;http:\/\/bit.ly\/CompromisosMascotas<\/a> \u2026 y descubr\u00ed los locales gastron\u00f3micos de la Ciudad a los que pod\u00e9s llevar tu mascota<br \/>\nListado de locales adheridos: <a href=\"http:\/\/www.buenosaires.gob.ar\/mascotas\/listado-de-locales-adheridos&quot;&gt;http:\/\/www.buenosaires.gob.ar\/mascotas\/listado-de-locales-adheridos<\/a><\/p>\n","protected":false},"excerpt":{"rendered":"<p>\u00a0 Las mascotas son parte de nuestras familias y por eso la idea es que tambi\u00e9n puedan disfrutar de la Ciudad en compa\u00f1\u00eda de sus due\u00f1os . Por eso, el Gobierno porte\u00f1o tom\u00f3 el compromiso de que 1.000 nuevos locales gastron\u00f3micos habiliten su permanencia en las mesas exteriores. Y los resultados fueron asombrosos: en apenas [&hellip;]<\/p>\n","protected":false},"author":1,"featured_media":8456,"comment_status":"open","ping_status":"open","sticky":false,"template":"","format":"standard","meta":{"_et_pb_use_builder":"","_et_pb_old_content":"","_et_gb_content_width":"","footnotes":""},"categories":[11,33],"tags":[],"class_list":["post-8455","post","type-post","status-publish","format-standard","has-post-thumbnail","hentry","category-ciudad","category-sociedad-y-cultura-2"],"_links":{"self":[{"href":"https:\/\/vocesdebaires.com.ar\/index.php\/wp-json\/wp\/v2\/posts\/8455"}],"collection":[{"href":"https:\/\/vocesdebaires.com.ar\/index.php\/wp-json\/wp\/v2\/posts"}],"about":[{"href":"https:\/\/vocesdebaires.com.ar\/index.php\/wp-json\/wp\/v2\/types\/post"}],"author":[{"embeddable":true,"href":"https:\/\/vocesdebaires.com.ar\/index.php\/wp-json\/wp\/v2\/users\/1"}],"replies":[{"embeddable":true,"href":"https:\/\/vocesdebaires.com.ar\/index.php\/wp-json\/wp\/v2\/comments?post=8455"}],"version-history":[{"count":0,"href":"https:\/\/vocesdebaires.com.ar\/index.php\/wp-json\/wp\/v2\/posts\/8455\/revisions"}],"wp:featuredmedia":[{"embeddable":true,"href":"https:\/\/vocesdebaires.com.ar\/index.php\/wp-json\/wp\/v2\/media\/8456"}],"wp:attachment":[{"href":"https:\/\/vocesdebaires.com.ar\/index.php\/wp-json\/wp\/v2\/media?parent=8455"}],"wp:term":[{"taxonomy":"category","embeddable":true,"href":"https:\/\/vocesdebaires.com.ar\/index.php\/wp-json\/wp\/v2\/categories?post=8455"},{"taxonomy":"post_tag","embeddable":true,"href":"https:\/\/vocesdebaires.com.ar\/index.php\/wp-json\/wp\/v2\/tags?post=8455"}],"curies":[{"name":"wp","href":"https:\/\/api.w.org\/{rel}","templated":true}]}}