{"id":8457,"date":"2017-05-22T03:00:00","date_gmt":"2017-05-22T06:00:00","guid":{"rendered":"http:\/\/vocesdebaires.com.ar\/wordpress\/index.php\/2017\/05\/22\/revista-todo-es-historia-celebro-50-aniversario\/"},"modified":"2017-05-22T03:00:00","modified_gmt":"2017-05-22T06:00:00","slug":"revista-todo-es-historia-celebro-50-aniversario","status":"publish","type":"post","link":"https:\/\/vocesdebaires.com.ar\/index.php\/2017\/05\/22\/revista-todo-es-historia-celebro-50-aniversario\/","title":{"rendered":"Revista: &quot;Todo es Historia&quot; celebr\u00f3 50 aniversario"},"content":{"rendered":"<p>\u00a0<br \/>\nLos legisladores Carolina Estebarena (PRO) y Claudio Heredia (BP) fueron los autores de la declaraci\u00f3n por los 50 a\u00f1os de la revista Todo es Historia y en el sal\u00f3n Dorado se organiz\u00f3 un acto con su directora Mar\u00eda S\u00e1nez Quesada, su editora Felicitas Luna y Daniel Rodr\u00edguez Masdeu, profesor de Derecho Parlamentario. Estebarena introdujo: \u201cEstamos aqu\u00ed por el reconocimiento a la trayectoria a esta revista tan importante. No solo por la conmemoraci\u00f3n de los 50 a\u00f1os, que para una revista no es poco, sino para recordar a su fundador\u201d. Heredia destac\u00f3 \u201cla visi\u00f3n amplia y plural de F\u00e9lix Luna, desde sus comienzos\u201d y que en su casa es frecuente la lectura de la revista.<br \/>\nS\u00e1nez Quesada, licenciada en Historia expres\u00f3 su satisfacci\u00f3n: \u201cMe gusta mucho que sean diputados de distintos bloques que hayan propuesto la declaraci\u00f3n, es un buen indicio para el futuro del pa\u00eds\u201d. La directora de la revista desde 2009, afirm\u00f3 que es \u201cun proyecto intelectual que sigue vigente luego de 50 a\u00f1os\u201d. Resalt\u00f3 la figura de Luna, que encar\u00f3 la fundaci\u00f3n en 1967, \u201cen plena dictadura, que\u00a0 cerr\u00f3 revistas como T\u00eda Vicenta e intervino en universidades\u201d, pero \u00e9l supo comprender que \u201chab\u00eda un p\u00fablico a leer historia\u201d y \u201csupo conformar un equipo de colaboradores\u201d.<br \/>\nS\u00e1nez Quesada se defini\u00f3 como \u201cun producto de esta revista\u201d, ya que fue tambi\u00e9n \u201cuna escuela informal de historiadores\u201d, alej\u00e1ndola de la solemnidad acad\u00e9mica. Y record\u00f3 que Luna \u201ctuvo la amplitud de escuchar a todas las voces, incluyendo a los conservadores, peronistas, radicales, anarquistas, comunistas y socialistas\u201d, donde se expresaron m\u00e1s de 500 colaboradores en sus 598 n\u00fameros.Rodr\u00edguez Masdeu record\u00f3 que la relaci\u00f3n entre la Legislatura y Todo es Historia est\u00e1 enmarcada en tres homenajes: la colocaci\u00f3n de una placa en 2012, al solar donde vivi\u00f3 Luna entre 1984 y 2009, el acto realizado hace cinco a\u00f1os por el 45 aniversario de la revista y el actual homenaje.<br \/>\nFelicitas Luna, hija del fundador resalt\u00f3 lo \u201ccomplejo que es editar una revista todo los meses y hoy encarar los contenidos digitales\u201d, sin olvidar \u201cuna generaci\u00f3n que tenemos que entusiasmar con la historia para su formaci\u00f3n como ciudadanos\u201d. Tambi\u00e9n pas\u00f3 revista a los eventos que se realizan este a\u00f1o por el homenaje a los 50 a\u00f1os y anunci\u00f3 que en noviembre obtendr\u00e1 el premio Konex a la trayectoria.Durante el acto estuvieron presentes los diputados Emilio Raposo Varela (PRO) y Juan Nosiglia (Suma +), que escucharon a los oradores<\/p>\n","protected":false},"excerpt":{"rendered":"<p>\u00a0 Los legisladores Carolina Estebarena (PRO) y Claudio Heredia (BP) fueron los autores de la declaraci\u00f3n por los 50 a\u00f1os de la revista Todo es Historia y en el sal\u00f3n Dorado se organiz\u00f3 un acto con su directora Mar\u00eda S\u00e1nez Quesada, su editora Felicitas Luna y Daniel Rodr\u00edguez Masdeu, profesor de Derecho Parlamentario. Estebarena introdujo: [&hellip;]<\/p>\n","protected":false},"author":1,"featured_media":8458,"comment_status":"open","ping_status":"open","sticky":false,"template":"","format":"standard","meta":{"_et_pb_use_builder":"","_et_pb_old_content":"","_et_gb_content_width":"","footnotes":""},"categories":[11,33],"tags":[],"class_list":["post-8457","post","type-post","status-publish","format-standard","has-post-thumbnail","hentry","category-ciudad","category-sociedad-y-cultura-2"],"_links":{"self":[{"href":"https:\/\/vocesdebaires.com.ar\/index.php\/wp-json\/wp\/v2\/posts\/8457"}],"collection":[{"href":"https:\/\/vocesdebaires.com.ar\/index.php\/wp-json\/wp\/v2\/posts"}],"about":[{"href":"https:\/\/vocesdebaires.com.ar\/index.php\/wp-json\/wp\/v2\/types\/post"}],"author":[{"embeddable":true,"href":"https:\/\/vocesdebaires.com.ar\/index.php\/wp-json\/wp\/v2\/users\/1"}],"replies":[{"embeddable":true,"href":"https:\/\/vocesdebaires.com.ar\/index.php\/wp-json\/wp\/v2\/comments?post=8457"}],"version-history":[{"count":0,"href":"https:\/\/vocesdebaires.com.ar\/index.php\/wp-json\/wp\/v2\/posts\/8457\/revisions"}],"wp:featuredmedia":[{"embeddable":true,"href":"https:\/\/vocesdebaires.com.ar\/index.php\/wp-json\/wp\/v2\/media\/8458"}],"wp:attachment":[{"href":"https:\/\/vocesdebaires.com.ar\/index.php\/wp-json\/wp\/v2\/media?parent=8457"}],"wp:term":[{"taxonomy":"category","embeddable":true,"href":"https:\/\/vocesdebaires.com.ar\/index.php\/wp-json\/wp\/v2\/categories?post=8457"},{"taxonomy":"post_tag","embeddable":true,"href":"https:\/\/vocesdebaires.com.ar\/index.php\/wp-json\/wp\/v2\/tags?post=8457"}],"curies":[{"name":"wp","href":"https:\/\/api.w.org\/{rel}","templated":true}]}}