{"id":8459,"date":"2017-05-22T03:00:00","date_gmt":"2017-05-22T06:00:00","guid":{"rendered":"http:\/\/vocesdebaires.com.ar\/wordpress\/index.php\/2017\/05\/22\/pami-cambios-hay-plazos-para-prestadores\/"},"modified":"2017-05-22T03:00:00","modified_gmt":"2017-05-22T06:00:00","slug":"pami-cambios-hay-plazos-para-prestadores","status":"publish","type":"post","link":"https:\/\/vocesdebaires.com.ar\/index.php\/2017\/05\/22\/pami-cambios-hay-plazos-para-prestadores\/","title":{"rendered":"PAMI cambios: Hay plazos para prestadores"},"content":{"rendered":"<p>\u00a0<br \/>\nComo es de p\u00fablico conocimiento, la Direcci\u00f3n Ejecutiva de PAMI dispuso el cambio de modelo prestacional para todo el pa\u00eds, exceptuando las provincias patag\u00f3nicas y Jujuy, a partir del 1 de mayo del corriente a\u00f1o.A 18 d\u00edas de iniciado el cambio, m\u00e1s del 80% de los prestadores de todo el pa\u00eds ya han firmado los correspondientes contratos con el Instituto, adhiri\u00e9ndose as\u00ed al nuevo modelo prestacional por c\u00e1pita, que permitir\u00e1 mejorar la atenci\u00f3n de sus afiliados y que, a su vez, brindar\u00e1 previsibilidad financiera para los prestadores y el PAMI. Durante todo el mes de mayo se han abierto mesas de di\u00e1logo en todas las provincias alcanzadas por el cambio, donde prestadores y autoridades del Instituto han podido trabajar en las caracter\u00edsticas de cada regi\u00f3n y cada prestador. En este sentido, la Subdirecci\u00f3n Ejecutiva del Instituto dispuso por medio de la disposici\u00f3n 80\/17 que aquellos prestadores que suscriban los contratos antes del 24 de mayo de 2017 recibir\u00e1n como anticipo el equivalente al VEINTE POR CIENTO (20%) del valor de las c\u00e1pitas que le fueran asignadas para el mes en curso.Finalmente, se recuerda a los prestadores que aquellos que al 24 de mayo no hubieran firmado el contrato del nuevo modelo prestacional, dejar\u00e1n de estar habilitados para dar servicios a afiliados del Instituto hasta tanto decidan adherirse al nuevo modelo. El padr\u00f3n de beneficiarios que tuvieran asignados los no firmantes ser\u00e1 reasignado a otro prestador y no se aceptar\u00e1n \u00f3rdenes de prestaci\u00f3n emitidas en su favor con fecha posterior al 31 de mayo de 2017.<\/p>\n","protected":false},"excerpt":{"rendered":"<p>\u00a0 Como es de p\u00fablico conocimiento, la Direcci\u00f3n Ejecutiva de PAMI dispuso el cambio de modelo prestacional para todo el pa\u00eds, exceptuando las provincias patag\u00f3nicas y Jujuy, a partir del 1 de mayo del corriente a\u00f1o.A 18 d\u00edas de iniciado el cambio, m\u00e1s del 80% de los prestadores de todo el pa\u00eds ya han firmado [&hellip;]<\/p>\n","protected":false},"author":1,"featured_media":7149,"comment_status":"open","ping_status":"open","sticky":false,"template":"","format":"standard","meta":{"_et_pb_use_builder":"","_et_pb_old_content":"","_et_gb_content_width":"","footnotes":""},"categories":[12,34],"tags":[],"class_list":["post-8459","post","type-post","status-publish","format-standard","has-post-thumbnail","hentry","category-nacion","category-politica"],"_links":{"self":[{"href":"https:\/\/vocesdebaires.com.ar\/index.php\/wp-json\/wp\/v2\/posts\/8459"}],"collection":[{"href":"https:\/\/vocesdebaires.com.ar\/index.php\/wp-json\/wp\/v2\/posts"}],"about":[{"href":"https:\/\/vocesdebaires.com.ar\/index.php\/wp-json\/wp\/v2\/types\/post"}],"author":[{"embeddable":true,"href":"https:\/\/vocesdebaires.com.ar\/index.php\/wp-json\/wp\/v2\/users\/1"}],"replies":[{"embeddable":true,"href":"https:\/\/vocesdebaires.com.ar\/index.php\/wp-json\/wp\/v2\/comments?post=8459"}],"version-history":[{"count":0,"href":"https:\/\/vocesdebaires.com.ar\/index.php\/wp-json\/wp\/v2\/posts\/8459\/revisions"}],"wp:featuredmedia":[{"embeddable":true,"href":"https:\/\/vocesdebaires.com.ar\/index.php\/wp-json\/wp\/v2\/media\/7149"}],"wp:attachment":[{"href":"https:\/\/vocesdebaires.com.ar\/index.php\/wp-json\/wp\/v2\/media?parent=8459"}],"wp:term":[{"taxonomy":"category","embeddable":true,"href":"https:\/\/vocesdebaires.com.ar\/index.php\/wp-json\/wp\/v2\/categories?post=8459"},{"taxonomy":"post_tag","embeddable":true,"href":"https:\/\/vocesdebaires.com.ar\/index.php\/wp-json\/wp\/v2\/tags?post=8459"}],"curies":[{"name":"wp","href":"https:\/\/api.w.org\/{rel}","templated":true}]}}