{"id":8462,"date":"2017-05-22T03:00:00","date_gmt":"2017-05-22T06:00:00","guid":{"rendered":"http:\/\/vocesdebaires.com.ar\/wordpress\/index.php\/2017\/05\/22\/vidal-en-la-unidad-de-lisandro-olmos\/"},"modified":"2017-05-22T03:00:00","modified_gmt":"2017-05-22T06:00:00","slug":"vidal-en-la-unidad-de-lisandro-olmos","status":"publish","type":"post","link":"https:\/\/vocesdebaires.com.ar\/index.php\/2017\/05\/22\/vidal-en-la-unidad-de-lisandro-olmos\/","title":{"rendered":"Vidal: En la unidad de Lisandro Olmos"},"content":{"rendered":"<p>\u00a0<br \/>\nLa gobernadora bonaerense, Vidal, recorri\u00f3 los talleres de capacitaci\u00f3n de la Unidad Penitenciaria N\u00b0 1 de la localidad de Lisandro Olmos, en el partido bonaerense de La Plata.Acompa\u00f1ada por el ministro de Justicia, Gustavo Ferrari, Vidal visit\u00f3 los pabellones donde se dictan cursos de fabricaci\u00f3n y compostura de calzado, de introducci\u00f3n a la mec\u00e1nica y de reparaci\u00f3n y mantenimiento de m\u00e1quinas de coser.En ese centro de detenci\u00f3n tambi\u00e9n se realizan talleres de panader\u00eda, tapicer\u00eda, carpinter\u00eda, herrer\u00eda y sastrer\u00eda, entre otras actividades con salida laboral.<br \/>\nLa gobernadora y el ministro firmaron adem\u00e1s convenios para la capacitaci\u00f3n laboral y formaci\u00f3n de internos con los titulares de la Uni\u00f3n Obrera Metal\u00fargica (UOM), Antonio Cal\u00f3; de la Federaci\u00f3n Argentina y Uni\u00f3n del Personal de Panader\u00edas y Afines (FAUPPA), Abel Frutos; de la Uni\u00f3n de Trabajadores de la Industria del Calzado (UTICRA), Agust\u00edn Amicone; y de la Uni\u00f3n Inform\u00e1tica, Pablo Dor\u00edn; el secretario de la Organizaci\u00f3n de la Uni\u00f3n Argentina de Trabajadores Rurales y Estibadores (UATRE), Carlos Figueroa; el abogado de la CGT, Hugo Antonio Moyano; y el subgerente de Asuntos Pol\u00edticos y Participaci\u00f3n Ciudadana de la Superintendencia de Riesgos del Trabajo, Eugenio Begu\u00e9.<br \/>\nLos acuerdos fueron rubricados adem\u00e1s por representantes del Sindicato \u00danico de Trabajadores del\u00a0 Espect\u00e1culo P\u00fablico (SUTEP), de la Uni\u00f3n Tranviarios Automotor (UTA), del Sindicato Obrero de la Industria del Vidrio y Afines (SOIVA), de la Federaci\u00f3n Trabajadores Pasteleros (FATP) y del Sindicato de las Telecomunicaciones (FOETRA). Estos convenios tienen por objeto crear un marco propicio para lograr la capacitaci\u00f3n laboral de unos 2.500 internos de entre 18 y 21 a\u00f1os y favorecer as\u00ed su inclusi\u00f3n social y laboral al momento de reintegrarse a la sociedad.Gracias a estos convenios, los distintos sindicatos participantes se encargar\u00e1n de tramitar las certificaciones correspondientes a cada una de las especialidades cursadas por los presos.Por su parte, el Ministerio de Justicia, a trav\u00e9s de la intervenci\u00f3n del Servicio Penitenciario Bonaerense, facilitar\u00e1 los medios necesarios -instalaciones, servicios y selecci\u00f3n de internos- para el desarrollo y dictado de los cursos.<\/p>\n","protected":false},"excerpt":{"rendered":"<p>\u00a0 La gobernadora bonaerense, Vidal, recorri\u00f3 los talleres de capacitaci\u00f3n de la Unidad Penitenciaria N\u00b0 1 de la localidad de Lisandro Olmos, en el partido bonaerense de La Plata.Acompa\u00f1ada por el ministro de Justicia, Gustavo Ferrari, Vidal visit\u00f3 los pabellones donde se dictan cursos de fabricaci\u00f3n y compostura de calzado, de introducci\u00f3n a la mec\u00e1nica [&hellip;]<\/p>\n","protected":false},"author":1,"featured_media":8463,"comment_status":"open","ping_status":"open","sticky":false,"template":"","format":"standard","meta":{"_et_pb_use_builder":"","_et_pb_old_content":"","_et_gb_content_width":"","footnotes":""},"categories":[34,13],"tags":[],"class_list":["post-8462","post","type-post","status-publish","format-standard","has-post-thumbnail","hentry","category-politica","category-provincia"],"_links":{"self":[{"href":"https:\/\/vocesdebaires.com.ar\/index.php\/wp-json\/wp\/v2\/posts\/8462"}],"collection":[{"href":"https:\/\/vocesdebaires.com.ar\/index.php\/wp-json\/wp\/v2\/posts"}],"about":[{"href":"https:\/\/vocesdebaires.com.ar\/index.php\/wp-json\/wp\/v2\/types\/post"}],"author":[{"embeddable":true,"href":"https:\/\/vocesdebaires.com.ar\/index.php\/wp-json\/wp\/v2\/users\/1"}],"replies":[{"embeddable":true,"href":"https:\/\/vocesdebaires.com.ar\/index.php\/wp-json\/wp\/v2\/comments?post=8462"}],"version-history":[{"count":0,"href":"https:\/\/vocesdebaires.com.ar\/index.php\/wp-json\/wp\/v2\/posts\/8462\/revisions"}],"wp:featuredmedia":[{"embeddable":true,"href":"https:\/\/vocesdebaires.com.ar\/index.php\/wp-json\/wp\/v2\/media\/8463"}],"wp:attachment":[{"href":"https:\/\/vocesdebaires.com.ar\/index.php\/wp-json\/wp\/v2\/media?parent=8462"}],"wp:term":[{"taxonomy":"category","embeddable":true,"href":"https:\/\/vocesdebaires.com.ar\/index.php\/wp-json\/wp\/v2\/categories?post=8462"},{"taxonomy":"post_tag","embeddable":true,"href":"https:\/\/vocesdebaires.com.ar\/index.php\/wp-json\/wp\/v2\/tags?post=8462"}],"curies":[{"name":"wp","href":"https:\/\/api.w.org\/{rel}","templated":true}]}}