{"id":8466,"date":"2017-05-22T03:00:00","date_gmt":"2017-05-22T06:00:00","guid":{"rendered":"http:\/\/vocesdebaires.com.ar\/wordpress\/index.php\/2017\/05\/22\/junin-ritondo-entrego-mas-de-50-moviles\/"},"modified":"2017-05-22T03:00:00","modified_gmt":"2017-05-22T06:00:00","slug":"junin-ritondo-entrego-mas-de-50-moviles","status":"publish","type":"post","link":"https:\/\/vocesdebaires.com.ar\/index.php\/2017\/05\/22\/junin-ritondo-entrego-mas-de-50-moviles\/","title":{"rendered":"Jun\u00edn: Ritondo entreg\u00f3 m\u00e1s de 50 m\u00f3viles"},"content":{"rendered":"<p>\u00a0<br \/>\nEl ministro de Seguridad de la Provincia de Buenos Aires, Cristian Ritondo, puso en funciones de manera formal en el cuartel de la ciudad de Jun\u00edn al primer bombero con s\u00edndrome de Down de la Provincia, a quien le entreg\u00f3 &quot;su designaci\u00f3n&quot; como empleado del Ministerio. Adem\u00e1s, el funcionario del Gabinete de la gobernadora Mar\u00eda Eugenia Vidal distribuy\u00f3 m\u00e1s de 50 m\u00f3viles y motocicletas policiales para ese municipio y otros distritos del interior como Arrecifes, Carlos Tejedor, Chacabuco, Florentino Ameghino, General Viamonte, General Villegas, Trenque Lauquen, Lincoln, 9 de Julio, Rivadavia y Arenales.<br \/>\nEl primero de los actos se desarroll\u00f3 en el Cuartel de Bomberos de Jun\u00edn, dependiente de la Superintendencia de Seguridad Siniestral de la Polic\u00eda de la Provincia de Buenos Aires, donde Ritondo se reuni\u00f3 con \u00c1lvaro Lafarge S\u00e1nchez, quien adem\u00e1s de ser destacado deportista de equitaci\u00f3n se convirti\u00f3 oficialmente en el primer bombero con s\u00edndrome de down.&quot;Es una gran alegr\u00eda poner en funciones de manera formal a \u00c1lvaro en este gran cuerpo que son los bomberos, en el que colaboraba desde hace mucho tiempo. No s\u00f3lo se cumpli\u00f3 un sue\u00f1o para \u00e9l sino que tambi\u00e9n para todos nosotros&quot;, declar\u00f3 el ministro.<br \/>\nEl titular de la cartera de Seguridad agreg\u00f3 que &quot;parec\u00eda un tr\u00e1mite interminable, seguido por su mam\u00e1 d\u00eda a d\u00eda, que tuvo un final feliz porque adem\u00e1s era un objetivo para nuestra fuerza que \u00e9l sea parte de esta inclusi\u00f3n&quot;. En tanto, su madre, Mariana S\u00e1nchez, se mostr\u00f3 &quot;emocionada y agradecida&quot; ante esta designaci\u00f3n formal porque &quot;este Gobierno nunca nos dio vuelta la cara, ya que este tr\u00e1mite se hab\u00eda iniciado en 2014&quot;.\u00c1lvaro, de 22 a\u00f1os y con cinco hermanos, comenz\u00f3 a colaborar con los bomberos juninenses pero no ten\u00eda un nombramiento formal, por lo que sus padres, junto a organismos no gubernamentales, elevaron un pedido al Ministerio de Seguridad para que lo incorporen como personal efectivo.<br \/>\nSeg\u00fan la designaci\u00f3n, el joven debe cumplir 30 horas semanales de labor y desempa\u00f1ar diferentes tareas dentro del cuartel.Posteriormente, el ministro entreg\u00f3 36 m\u00f3viles policiales 0 kil\u00f3metro &#8211; entre ellos cuatro Toyota Ethios inteligentes 360 grados, que son los primeros para el interior, y camionetas Renault Oroch- y 23 motos para aquellos distritos.Este acto tuvo lugar en el Complejo Municipal General San Mart\u00edn, acompa\u00f1ado por el intendente local, Pablo Petrecca; el titular de la C\u00e1mara de Diputados de la Provincia, Manuel Mosca; el subsecretario de Relaciones Institucionales del Ministerio, Mat\u00edas Ranzini; y autoridades\u00a0 municipales y jefes policiales de los municipios mencionados.Previamente, Ritondo visit\u00f3 la localidad de General Arenales donde entreg\u00f3 m\u00f3viles policiales junto a la jefa comunal de ese distrito, &lt;a&gt;<\/a><\/p>\n","protected":false},"excerpt":{"rendered":"<p>\u00a0 El ministro de Seguridad de la Provincia de Buenos Aires, Cristian Ritondo, puso en funciones de manera formal en el cuartel de la ciudad de Jun\u00edn al primer bombero con s\u00edndrome de Down de la Provincia, a quien le entreg\u00f3 &quot;su designaci\u00f3n&quot; como empleado del Ministerio. Adem\u00e1s, el funcionario del Gabinete de la gobernadora [&hellip;]<\/p>\n","protected":false},"author":1,"featured_media":8467,"comment_status":"open","ping_status":"open","sticky":false,"template":"","format":"standard","meta":{"_et_pb_use_builder":"","_et_pb_old_content":"","_et_gb_content_width":"","footnotes":""},"categories":[34,13],"tags":[],"class_list":["post-8466","post","type-post","status-publish","format-standard","has-post-thumbnail","hentry","category-politica","category-provincia"],"_links":{"self":[{"href":"https:\/\/vocesdebaires.com.ar\/index.php\/wp-json\/wp\/v2\/posts\/8466"}],"collection":[{"href":"https:\/\/vocesdebaires.com.ar\/index.php\/wp-json\/wp\/v2\/posts"}],"about":[{"href":"https:\/\/vocesdebaires.com.ar\/index.php\/wp-json\/wp\/v2\/types\/post"}],"author":[{"embeddable":true,"href":"https:\/\/vocesdebaires.com.ar\/index.php\/wp-json\/wp\/v2\/users\/1"}],"replies":[{"embeddable":true,"href":"https:\/\/vocesdebaires.com.ar\/index.php\/wp-json\/wp\/v2\/comments?post=8466"}],"version-history":[{"count":0,"href":"https:\/\/vocesdebaires.com.ar\/index.php\/wp-json\/wp\/v2\/posts\/8466\/revisions"}],"wp:featuredmedia":[{"embeddable":true,"href":"https:\/\/vocesdebaires.com.ar\/index.php\/wp-json\/wp\/v2\/media\/8467"}],"wp:attachment":[{"href":"https:\/\/vocesdebaires.com.ar\/index.php\/wp-json\/wp\/v2\/media?parent=8466"}],"wp:term":[{"taxonomy":"category","embeddable":true,"href":"https:\/\/vocesdebaires.com.ar\/index.php\/wp-json\/wp\/v2\/categories?post=8466"},{"taxonomy":"post_tag","embeddable":true,"href":"https:\/\/vocesdebaires.com.ar\/index.php\/wp-json\/wp\/v2\/tags?post=8466"}],"curies":[{"name":"wp","href":"https:\/\/api.w.org\/{rel}","templated":true}]}}