{"id":8472,"date":"2017-05-19T03:07:57","date_gmt":"2017-05-19T06:07:57","guid":{"rendered":"http:\/\/vocesdebaires.com.ar\/wordpress\/index.php\/2017\/05\/19\/villa-devoto-llega-buenos-aires-market\/"},"modified":"2017-05-19T03:07:57","modified_gmt":"2017-05-19T06:07:57","slug":"villa-devoto-llega-buenos-aires-market","status":"publish","type":"post","link":"https:\/\/vocesdebaires.com.ar\/index.php\/2017\/05\/19\/villa-devoto-llega-buenos-aires-market\/","title":{"rendered":"Villa Devoto: Llega Buenos Aires Market"},"content":{"rendered":"<p>\u00a0<br \/>\nLa feria itinerante dedicada a los alimentos saludables y gourmet regresa al barrio de Devoto. Ser\u00e1 el s\u00e1bado 20 y domingo 21 de mayo en Plaza Arenales, con acceso por las calles Nueva York y Avenida Chivilcoy, entre las 10 y las 18 horas. La entrada es libre y gratuita.En un colorido paseo al aire libre apto para todas las edades, Buenos Aires Market re\u00fane a productores de todo el pa\u00eds en un mercado con m\u00e1s de 70 puestos. Adem\u00e1s, convoca a reconocidos restaurantes, chefs y emprendimientos gastron\u00f3micos en su patio de comidas.<br \/>\nEn esta ocasi\u00f3n, la feria contar\u00e1 con dos espacios:<br \/>\nUn mercado con pintorescos gazebos donde se podr\u00e1n comprar quesos, panes, aderezos, aceites, bebidas, cereales y semillas, encurtidos, conservas, especias, frutos secos, frutas, vegetales, productos de granja, delicatesen, harinas, hongos, infusiones, legumbres, l\u00e1cteos, mermeladas, dulces, pasteler\u00eda, plantas arom\u00e1ticas, snacks saludables y productos aptos para cel\u00edacos, entre otras opciones.<br \/>\nUn patio de comidas con stands donde los cocineros y restaurantes invitar\u00e1n a disfrutar de originales propuestas de cocina gourmet para comer al paso, con precios accesibles. Habr\u00e1 alternativas para todos los gustos: comida japonesa, \u00e1rabe, francesa, espa\u00f1ola, oriental, italiana, vegetariana, peruana, neoyorquina, parrilla argentina y mucho m\u00e1s.Tambi\u00e9n contar\u00e1 con un amplio sector dedicado exclusivamente a los ni\u00f1os con juegos y entretenimientos variados. Para quienes lleguen en bicicleta, adem\u00e1s, habr\u00e1 un espacio destinado para su estacionamiento.<br \/>\nEn Buenos Aires Market se pueden hacer las compras de la semana, adem\u00e1s de descubrir nuevos productos e interactuar con peque\u00f1os y medianos productores; tambi\u00e9n se puede desayunar, almorzar y merendar al paso o en mesas comunitarias.Participan, entre otros, Tallo Verde, L\u2019epi, Lupita, La Dorita, Food Truck Argentina, Tancat, Wapi, Mar\u00eda F\u00e9lix, Compa\u00f1\u00eda de Chocolates, Shami, Las Quinas, De ac\u00e1 para all\u00ed, Aritza, Veggie Burger, San Gennaro, La Areper\u00eda y Pr\u00f3spero Velazco.<\/p>\n","protected":false},"excerpt":{"rendered":"<p>\u00a0 La feria itinerante dedicada a los alimentos saludables y gourmet regresa al barrio de Devoto. Ser\u00e1 el s\u00e1bado 20 y domingo 21 de mayo en Plaza Arenales, con acceso por las calles Nueva York y Avenida Chivilcoy, entre las 10 y las 18 horas. La entrada es libre y gratuita.En un colorido paseo al [&hellip;]<\/p>\n","protected":false},"author":1,"featured_media":8473,"comment_status":"open","ping_status":"open","sticky":false,"template":"","format":"standard","meta":{"_et_pb_use_builder":"","_et_pb_old_content":"","_et_gb_content_width":"","footnotes":""},"categories":[11,32],"tags":[],"class_list":["post-8472","post","type-post","status-publish","format-standard","has-post-thumbnail","hentry","category-ciudad","category-comunas"],"_links":{"self":[{"href":"https:\/\/vocesdebaires.com.ar\/index.php\/wp-json\/wp\/v2\/posts\/8472"}],"collection":[{"href":"https:\/\/vocesdebaires.com.ar\/index.php\/wp-json\/wp\/v2\/posts"}],"about":[{"href":"https:\/\/vocesdebaires.com.ar\/index.php\/wp-json\/wp\/v2\/types\/post"}],"author":[{"embeddable":true,"href":"https:\/\/vocesdebaires.com.ar\/index.php\/wp-json\/wp\/v2\/users\/1"}],"replies":[{"embeddable":true,"href":"https:\/\/vocesdebaires.com.ar\/index.php\/wp-json\/wp\/v2\/comments?post=8472"}],"version-history":[{"count":0,"href":"https:\/\/vocesdebaires.com.ar\/index.php\/wp-json\/wp\/v2\/posts\/8472\/revisions"}],"wp:featuredmedia":[{"embeddable":true,"href":"https:\/\/vocesdebaires.com.ar\/index.php\/wp-json\/wp\/v2\/media\/8473"}],"wp:attachment":[{"href":"https:\/\/vocesdebaires.com.ar\/index.php\/wp-json\/wp\/v2\/media?parent=8472"}],"wp:term":[{"taxonomy":"category","embeddable":true,"href":"https:\/\/vocesdebaires.com.ar\/index.php\/wp-json\/wp\/v2\/categories?post=8472"},{"taxonomy":"post_tag","embeddable":true,"href":"https:\/\/vocesdebaires.com.ar\/index.php\/wp-json\/wp\/v2\/tags?post=8472"}],"curies":[{"name":"wp","href":"https:\/\/api.w.org\/{rel}","templated":true}]}}