{"id":8474,"date":"2017-05-19T03:00:00","date_gmt":"2017-05-19T06:00:00","guid":{"rendered":"http:\/\/vocesdebaires.com.ar\/wordpress\/index.php\/2017\/05\/19\/obelisco-a-disfrutar-el-desafio-de-subir\/"},"modified":"2017-05-19T03:00:00","modified_gmt":"2017-05-19T06:00:00","slug":"obelisco-a-disfrutar-el-desafio-de-subir","status":"publish","type":"post","link":"https:\/\/vocesdebaires.com.ar\/index.php\/2017\/05\/19\/obelisco-a-disfrutar-el-desafio-de-subir\/","title":{"rendered":"Obelisco: A disfrutar el desaf\u00edo de subir"},"content":{"rendered":"<p>\u00a0<br \/>\nEl Obelisco cumple 81 a\u00f1os y la Ciudad invit\u00f3 una vez m\u00e1s a los vecinos para que el 23 de mayo recorran los 206 hist\u00f3ricos pelda\u00f1os (67,5 metros de altura) del emblem\u00e1tico monumento porte\u00f1o. El a\u00f1o pasado, ante la misma convocatoria, hubo m\u00e1s de 12 mil inscriptos a trav\u00e9s de Participaci\u00f3n Ciudadana. Y esta vez el n\u00famero se increment\u00f3 de manera notable a 21.143.<br \/>\nFinalmente se seleccion\u00f3 a trav\u00e9s de un sorteo (sistema rand\u00f3mico) a los 81 ganadores y suplentes, que organizados en varios turnos, ascender\u00e1n y descender\u00e1n a lo largo de toda la jornada, entre las 7.30 y las 20 horas. Se ambientar\u00e1 el Obelisco con cintas de colores patrios y globos en la punta.<br \/>\nPara participar en obras, iniciativas y eventos de la Ciudad los vecinos lo pueden hacer a trav\u00e9s de: Facebook (en la fan page BA participaci\u00f3n ciudadana), Twitter (en la cuenta @bapartciudadana), en el sitio web (<a href=\"http:\/\/www.buenosaires.gob.ar\/participacionciudadana&quot;&gt;www.buenosaires.gob.ar\/participacionciudadana<\/a>) y a trav\u00e9s de otras herramientas como: llamados telef\u00f3nicos, mail, sms y de manera personal en diferentes puntos de la ciudad.<br \/>\nLa Participaci\u00f3n Ciudadana en obras y proyectos es uno de los objetivos centrales de gobierno y uno de los compromisos asumidos por el Jefe de Gobierno de la Ciudad, Horacio Rodr\u00edguez Larreta.Durante el per\u00edodo 2016\/17 se someter\u00e1 a participaci\u00f3n ciudadana 200 obras y proyectos.<br \/>\nFoto de Mat\u00edas Repetto \/ GCBA \/ gv<\/p>\n","protected":false},"excerpt":{"rendered":"<p>\u00a0 El Obelisco cumple 81 a\u00f1os y la Ciudad invit\u00f3 una vez m\u00e1s a los vecinos para que el 23 de mayo recorran los 206 hist\u00f3ricos pelda\u00f1os (67,5 metros de altura) del emblem\u00e1tico monumento porte\u00f1o. El a\u00f1o pasado, ante la misma convocatoria, hubo m\u00e1s de 12 mil inscriptos a trav\u00e9s de Participaci\u00f3n Ciudadana. Y esta [&hellip;]<\/p>\n","protected":false},"author":1,"featured_media":8475,"comment_status":"open","ping_status":"open","sticky":false,"template":"","format":"standard","meta":{"_et_pb_use_builder":"","_et_pb_old_content":"","_et_gb_content_width":"","footnotes":""},"categories":[11,32],"tags":[],"class_list":["post-8474","post","type-post","status-publish","format-standard","has-post-thumbnail","hentry","category-ciudad","category-comunas"],"_links":{"self":[{"href":"https:\/\/vocesdebaires.com.ar\/index.php\/wp-json\/wp\/v2\/posts\/8474"}],"collection":[{"href":"https:\/\/vocesdebaires.com.ar\/index.php\/wp-json\/wp\/v2\/posts"}],"about":[{"href":"https:\/\/vocesdebaires.com.ar\/index.php\/wp-json\/wp\/v2\/types\/post"}],"author":[{"embeddable":true,"href":"https:\/\/vocesdebaires.com.ar\/index.php\/wp-json\/wp\/v2\/users\/1"}],"replies":[{"embeddable":true,"href":"https:\/\/vocesdebaires.com.ar\/index.php\/wp-json\/wp\/v2\/comments?post=8474"}],"version-history":[{"count":0,"href":"https:\/\/vocesdebaires.com.ar\/index.php\/wp-json\/wp\/v2\/posts\/8474\/revisions"}],"wp:featuredmedia":[{"embeddable":true,"href":"https:\/\/vocesdebaires.com.ar\/index.php\/wp-json\/wp\/v2\/media\/8475"}],"wp:attachment":[{"href":"https:\/\/vocesdebaires.com.ar\/index.php\/wp-json\/wp\/v2\/media?parent=8474"}],"wp:term":[{"taxonomy":"category","embeddable":true,"href":"https:\/\/vocesdebaires.com.ar\/index.php\/wp-json\/wp\/v2\/categories?post=8474"},{"taxonomy":"post_tag","embeddable":true,"href":"https:\/\/vocesdebaires.com.ar\/index.php\/wp-json\/wp\/v2\/tags?post=8474"}],"curies":[{"name":"wp","href":"https:\/\/api.w.org\/{rel}","templated":true}]}}