{"id":8476,"date":"2017-05-19T03:00:00","date_gmt":"2017-05-19T06:00:00","guid":{"rendered":"http:\/\/vocesdebaires.com.ar\/wordpress\/index.php\/2017\/05\/19\/calle-avellaneda-manteros-vuelven-a-ocupar-veredas\/"},"modified":"2017-05-19T03:00:00","modified_gmt":"2017-05-19T06:00:00","slug":"calle-avellaneda-manteros-vuelven-a-ocupar-veredas","status":"publish","type":"post","link":"https:\/\/vocesdebaires.com.ar\/index.php\/2017\/05\/19\/calle-avellaneda-manteros-vuelven-a-ocupar-veredas\/","title":{"rendered":"Calle Avellaneda: Manteros  vuelven  a ocupar veredas"},"content":{"rendered":"<p>\u00a0<br \/>\nDespu\u00e9s de varios meses de poder caminar tranquilos por las veredas del centro comercial de Flores , ya hay tensi\u00f3n entre los comerciantes de la zona, que fueron los principales impulsores del desalojo debido a lo que argumentaron como competencia desleal y crecimiento del delito.Seg\u00fan infonews, muchos de los due\u00f1os de locales comerciales en esa zona de Flores aseguran que desde que no est\u00e1n los manteros baj\u00f3 de forma subrayada la aparici\u00f3n de arrebatadores, que operaban principalmente en horarios pico durante los d\u00edas de semana y tambi\u00e9n s\u00e1bados y domingos.Est\u00e1n realizando un operativo policial en Avellaneda y Nazca para evitar que se instalen y no se descartan incidentes. Recordemos que los manteros que hasta que fueron desalojados por la Polic\u00eda ocupaban la avenida Avellaneda, anunciaron que regresar\u00e1n en las pr\u00f3ximas horas a las veredas.<\/p>\n","protected":false},"excerpt":{"rendered":"<p>\u00a0 Despu\u00e9s de varios meses de poder caminar tranquilos por las veredas del centro comercial de Flores , ya hay tensi\u00f3n entre los comerciantes de la zona, que fueron los principales impulsores del desalojo debido a lo que argumentaron como competencia desleal y crecimiento del delito.Seg\u00fan infonews, muchos de los due\u00f1os de locales comerciales en [&hellip;]<\/p>\n","protected":false},"author":1,"featured_media":8477,"comment_status":"open","ping_status":"open","sticky":false,"template":"","format":"standard","meta":{"_et_pb_use_builder":"","_et_pb_old_content":"","_et_gb_content_width":"","footnotes":""},"categories":[11,32],"tags":[],"class_list":["post-8476","post","type-post","status-publish","format-standard","has-post-thumbnail","hentry","category-ciudad","category-comunas"],"_links":{"self":[{"href":"https:\/\/vocesdebaires.com.ar\/index.php\/wp-json\/wp\/v2\/posts\/8476"}],"collection":[{"href":"https:\/\/vocesdebaires.com.ar\/index.php\/wp-json\/wp\/v2\/posts"}],"about":[{"href":"https:\/\/vocesdebaires.com.ar\/index.php\/wp-json\/wp\/v2\/types\/post"}],"author":[{"embeddable":true,"href":"https:\/\/vocesdebaires.com.ar\/index.php\/wp-json\/wp\/v2\/users\/1"}],"replies":[{"embeddable":true,"href":"https:\/\/vocesdebaires.com.ar\/index.php\/wp-json\/wp\/v2\/comments?post=8476"}],"version-history":[{"count":0,"href":"https:\/\/vocesdebaires.com.ar\/index.php\/wp-json\/wp\/v2\/posts\/8476\/revisions"}],"wp:featuredmedia":[{"embeddable":true,"href":"https:\/\/vocesdebaires.com.ar\/index.php\/wp-json\/wp\/v2\/media\/8477"}],"wp:attachment":[{"href":"https:\/\/vocesdebaires.com.ar\/index.php\/wp-json\/wp\/v2\/media?parent=8476"}],"wp:term":[{"taxonomy":"category","embeddable":true,"href":"https:\/\/vocesdebaires.com.ar\/index.php\/wp-json\/wp\/v2\/categories?post=8476"},{"taxonomy":"post_tag","embeddable":true,"href":"https:\/\/vocesdebaires.com.ar\/index.php\/wp-json\/wp\/v2\/tags?post=8476"}],"curies":[{"name":"wp","href":"https:\/\/api.w.org\/{rel}","templated":true}]}}