{"id":8478,"date":"2017-05-19T03:00:00","date_gmt":"2017-05-19T06:00:00","guid":{"rendered":"http:\/\/vocesdebaires.com.ar\/wordpress\/index.php\/2017\/05\/19\/se-coloco-20-miradores-en-principales-lugares\/"},"modified":"2017-05-19T03:00:00","modified_gmt":"2017-05-19T06:00:00","slug":"se-coloco-20-miradores-en-principales-lugares","status":"publish","type":"post","link":"https:\/\/vocesdebaires.com.ar\/index.php\/2017\/05\/19\/se-coloco-20-miradores-en-principales-lugares\/","title":{"rendered":"Se coloc\u00f3 20 miradores en principales lugares"},"content":{"rendered":"<p>\u00a0<br \/>\nLa Ciudad comenz\u00f3 a instalar miradores en varias de sus Comunas, que servir\u00e1n como postales de los lugares y edificios hist\u00f3ricos m\u00e1s emblem\u00e1ticos.Se trata de ventanas met\u00e1licas instaladas en el espacio p\u00fablico que ofrecen una vista original sobre algunos de los lugares m\u00e1s representativos de la Ciudad de Buenos Aires. En una primera etapa se instalaron 20 y est\u00e1 previsto que se sigan sumando m\u00e1s en las pr\u00f3ximas semanas.<br \/>\nEl objetivo del Ministerio de Ambiente y Espacio P\u00fablico es generar un atractivo tur\u00edstico y proponer una nueva mirada al patrimonio urbano, haciendo \u00e9nfasis en la impronta hist\u00f3rica, cultural, art\u00edstica o deportiva de cada uno de los edificios y monumentos.Postales BA busca destacar los principales edificios y monumentos porte\u00f1os y proporcionar informaci\u00f3n sobre los mismos mediante una placa.<br \/>\n\u00a0<br \/>\n\u00a0<br \/>\n\u00a0<br \/>\nEstas cuatro categor\u00edas, est\u00e1n diferenciadas por un color:Verde: HistoriaVioleta: ArteTurquesa: CulturaAmarillo: Deporte<\/p>\n","protected":false},"excerpt":{"rendered":"<p>\u00a0 La Ciudad comenz\u00f3 a instalar miradores en varias de sus Comunas, que servir\u00e1n como postales de los lugares y edificios hist\u00f3ricos m\u00e1s emblem\u00e1ticos.Se trata de ventanas met\u00e1licas instaladas en el espacio p\u00fablico que ofrecen una vista original sobre algunos de los lugares m\u00e1s representativos de la Ciudad de Buenos Aires. En una primera etapa [&hellip;]<\/p>\n","protected":false},"author":1,"featured_media":8479,"comment_status":"open","ping_status":"open","sticky":false,"template":"","format":"standard","meta":{"_et_pb_use_builder":"","_et_pb_old_content":"","_et_gb_content_width":"","footnotes":""},"categories":[11,32],"tags":[],"class_list":["post-8478","post","type-post","status-publish","format-standard","has-post-thumbnail","hentry","category-ciudad","category-comunas"],"_links":{"self":[{"href":"https:\/\/vocesdebaires.com.ar\/index.php\/wp-json\/wp\/v2\/posts\/8478"}],"collection":[{"href":"https:\/\/vocesdebaires.com.ar\/index.php\/wp-json\/wp\/v2\/posts"}],"about":[{"href":"https:\/\/vocesdebaires.com.ar\/index.php\/wp-json\/wp\/v2\/types\/post"}],"author":[{"embeddable":true,"href":"https:\/\/vocesdebaires.com.ar\/index.php\/wp-json\/wp\/v2\/users\/1"}],"replies":[{"embeddable":true,"href":"https:\/\/vocesdebaires.com.ar\/index.php\/wp-json\/wp\/v2\/comments?post=8478"}],"version-history":[{"count":0,"href":"https:\/\/vocesdebaires.com.ar\/index.php\/wp-json\/wp\/v2\/posts\/8478\/revisions"}],"wp:featuredmedia":[{"embeddable":true,"href":"https:\/\/vocesdebaires.com.ar\/index.php\/wp-json\/wp\/v2\/media\/8479"}],"wp:attachment":[{"href":"https:\/\/vocesdebaires.com.ar\/index.php\/wp-json\/wp\/v2\/media?parent=8478"}],"wp:term":[{"taxonomy":"category","embeddable":true,"href":"https:\/\/vocesdebaires.com.ar\/index.php\/wp-json\/wp\/v2\/categories?post=8478"},{"taxonomy":"post_tag","embeddable":true,"href":"https:\/\/vocesdebaires.com.ar\/index.php\/wp-json\/wp\/v2\/tags?post=8478"}],"curies":[{"name":"wp","href":"https:\/\/api.w.org\/{rel}","templated":true}]}}