{"id":8480,"date":"2017-05-19T03:00:00","date_gmt":"2017-05-19T06:00:00","guid":{"rendered":"http:\/\/vocesdebaires.com.ar\/wordpress\/index.php\/2017\/05\/19\/hacia-un-sistema-previsional-mas-justo\/"},"modified":"2017-05-19T03:00:00","modified_gmt":"2017-05-19T06:00:00","slug":"hacia-un-sistema-previsional-mas-justo","status":"publish","type":"post","link":"https:\/\/vocesdebaires.com.ar\/index.php\/2017\/05\/19\/hacia-un-sistema-previsional-mas-justo\/","title":{"rendered":"Hacia un sistema previsional m\u00e1s justo"},"content":{"rendered":"<p>\u00a0<br \/>\nLos miembros de la Mesa Ejecutiva de la Coalici\u00f3n C\u00edvica Ari Ciudad de Buenos Aires celebraron el\u00a0 fallo judicial de segunda instancia del fuero de la Seguridad Social, que declar\u00f3 inconstitucional que los haberes jubilatorios est\u00e9n alcanzados por el impuesto a las ganancias. Al respecto afirmaron que \u201cel fallo da respuesta a uno de los reclamos hist\u00f3ricos de este partido y se encuentra en la misma l\u00ednea en la que trabajan nuestros diputados nacionales.\u201d  &quot;El proyecto de ley para eliminar el impuesto a las ganancias a jubilados, que presentaron los diputados nacionales Elisa Carri\u00f3 y Fernando S\u00e1nchez, es oportuno ya que viene a dar el debate en el Congreso con el contexto del reciente fallo de la Sala II de la C\u00e1mara Federal de la Seguridad Social. No es correcto aplicar el impuesto a las ganancias a los jubilados, ya que el mismo no es un salario, sino una prestaci\u00f3n social para lo que el ciudadano ha realizado aportes a lo largo de su vida laboral&quot;, se\u00f1alaron desde la Mesa Eejecutiva.  El proyecto presentado por Elisa Carri\u00f3 y Fernando S\u00e1nchez busca derogar todo tipo de excepci\u00f3n al pago del Impuesto a las Ganancias, para todos los miembros del Poder Judicial y del Ministerio P\u00fablico de la Naci\u00f3n, de las Provincias y de la Ciudad Aut\u00f3noma de Buenos Aires y a su vez eliminar este tributo respecto de las jubilaciones, pensiones, retiros o subsidios. &quot;Vemos imprescindible avanzar en las reformas necesarias para crear un sistema impositivo y previsional m\u00e1s justo, para lograr que los jubilados reciban una menor carga impositiva&quot; finalizaron diciendo los referentes de la CC-ARI ciudad.<\/p>\n","protected":false},"excerpt":{"rendered":"<p>\u00a0 Los miembros de la Mesa Ejecutiva de la Coalici\u00f3n C\u00edvica Ari Ciudad de Buenos Aires celebraron el\u00a0 fallo judicial de segunda instancia del fuero de la Seguridad Social, que declar\u00f3 inconstitucional que los haberes jubilatorios est\u00e9n alcanzados por el impuesto a las ganancias. Al respecto afirmaron que \u201cel fallo da respuesta a uno de [&hellip;]<\/p>\n","protected":false},"author":1,"featured_media":8481,"comment_status":"open","ping_status":"open","sticky":false,"template":"","format":"standard","meta":{"_et_pb_use_builder":"","_et_pb_old_content":"","_et_gb_content_width":"","footnotes":""},"categories":[11,33],"tags":[],"class_list":["post-8480","post","type-post","status-publish","format-standard","has-post-thumbnail","hentry","category-ciudad","category-sociedad-y-cultura-2"],"_links":{"self":[{"href":"https:\/\/vocesdebaires.com.ar\/index.php\/wp-json\/wp\/v2\/posts\/8480"}],"collection":[{"href":"https:\/\/vocesdebaires.com.ar\/index.php\/wp-json\/wp\/v2\/posts"}],"about":[{"href":"https:\/\/vocesdebaires.com.ar\/index.php\/wp-json\/wp\/v2\/types\/post"}],"author":[{"embeddable":true,"href":"https:\/\/vocesdebaires.com.ar\/index.php\/wp-json\/wp\/v2\/users\/1"}],"replies":[{"embeddable":true,"href":"https:\/\/vocesdebaires.com.ar\/index.php\/wp-json\/wp\/v2\/comments?post=8480"}],"version-history":[{"count":0,"href":"https:\/\/vocesdebaires.com.ar\/index.php\/wp-json\/wp\/v2\/posts\/8480\/revisions"}],"wp:featuredmedia":[{"embeddable":true,"href":"https:\/\/vocesdebaires.com.ar\/index.php\/wp-json\/wp\/v2\/media\/8481"}],"wp:attachment":[{"href":"https:\/\/vocesdebaires.com.ar\/index.php\/wp-json\/wp\/v2\/media?parent=8480"}],"wp:term":[{"taxonomy":"category","embeddable":true,"href":"https:\/\/vocesdebaires.com.ar\/index.php\/wp-json\/wp\/v2\/categories?post=8480"},{"taxonomy":"post_tag","embeddable":true,"href":"https:\/\/vocesdebaires.com.ar\/index.php\/wp-json\/wp\/v2\/tags?post=8480"}],"curies":[{"name":"wp","href":"https:\/\/api.w.org\/{rel}","templated":true}]}}