{"id":8482,"date":"2017-05-19T03:00:00","date_gmt":"2017-05-19T06:00:00","guid":{"rendered":"http:\/\/vocesdebaires.com.ar\/wordpress\/index.php\/2017\/05\/19\/participacion-encuentro-de-estudiantes-y-legisladores\/"},"modified":"2017-05-19T03:00:00","modified_gmt":"2017-05-19T06:00:00","slug":"participacion-encuentro-de-estudiantes-y-legisladores","status":"publish","type":"post","link":"https:\/\/vocesdebaires.com.ar\/index.php\/2017\/05\/19\/participacion-encuentro-de-estudiantes-y-legisladores\/","title":{"rendered":"Participaci\u00f3n: Encuentro de estudiantes y legisladores"},"content":{"rendered":"<p>\u00a0<br \/>\nLegisladores de la Ciudad de Buenos Aires participaron de un debate que se llev\u00f3 a cabo en los salones Dorado y San Mart\u00edn del Palacio Legislativo con alumnos de diferentes escuelas de gesti\u00f3n p\u00fablica y privada que participan del programa &quot;Escuela de vecinos 2017&quot;. Con el objetivo de conocer m\u00e1s sobre su labor e indagar en temas planteados por los estudiantes, como las adicciones y la equidad en la Ciudad Aut\u00f3noma de Buenos Aires, los legisladores respondieron consultas y charlaron con los chicos.<br \/>\nLuego de la presentaci\u00f3n de los legisladores se abordaron temas como el funcionamiento legislativo, la movilidad sustentable, el transporte, la prevenci\u00f3n de drogas y el endurecimiento de penas, entre otros. Adem\u00e1s de entrevistar a los\u00a0 diputados los alumnos contaron c\u00f3mo fueron sus experiencias de visitas a villas y diferentes comunas de la ciudad, lo cual tambi\u00e9n forma parte del trabajo que vienen realizando con &quot;Escuela de vecinos&quot;.Organizado por la presidencia de la Legislatura, del evento participaron las diputadas Cristina Garc\u00eda, Victoria Rold\u00e1n M\u00e9ndez (PRO), Patricia Vischi (SUMA+) y los diputados Jos\u00e9 Luis Acevedo, Agust\u00edn Forchieri (PRO), Claudio Heredia (BP), Javier Gentilini (FR) y Marcelo Depierro (CP).<br \/>\n&quot;Escuela de Vecinos&quot; es un Programa Educativo que se propone incentivar el compromiso social, c\u00edvico y pol\u00edtico de los j\u00f3venes. Busca generar un \u00e1mbito de aproximaci\u00f3n a las problem\u00e1ticas cotidianas de la ciudad, el barrio o comuna, desde una perspectiva constructiva, donde los estudiantes participen a trav\u00e9s de la presentaci\u00f3n de propuestas y soluciones. Tiene como misi\u00f3n acercar a los j\u00f3venes a las instituciones de la Rep\u00fablica y la Democracia y est\u00e1 destinado a estudiantes de 4\u00ba a\u00f1o (o equivalente) de escuelas p\u00fablicas de gesti\u00f3n estatal y privada.<br \/>\nSe realiza desde 2006 y hasta ahora cuatro municipios y 180 escuelas apoyaron la iniciativa. M\u00e1s de 6700 j\u00f3venes recorrieron sus barrios y presentaron proyectos ante autoridades legislativas de distintos partidos pol\u00edticos, donde se trabajaron alrededor de 17 problem\u00e1ticas elegidas por los mismos j\u00f3venes como &quot;ambiente&quot;, &quot;adicciones&quot;, &quot;inseguridad&quot;, y &quot;deserci\u00f3n escolar&quot;. El programa fue declarado de inter\u00e9s educativo y reconocido en su 10\u00b0 aniversario por la Legislatura porte\u00f1a.<\/p>\n","protected":false},"excerpt":{"rendered":"<p>\u00a0 Legisladores de la Ciudad de Buenos Aires participaron de un debate que se llev\u00f3 a cabo en los salones Dorado y San Mart\u00edn del Palacio Legislativo con alumnos de diferentes escuelas de gesti\u00f3n p\u00fablica y privada que participan del programa &quot;Escuela de vecinos 2017&quot;. Con el objetivo de conocer m\u00e1s sobre su labor e [&hellip;]<\/p>\n","protected":false},"author":1,"featured_media":8483,"comment_status":"open","ping_status":"open","sticky":false,"template":"","format":"standard","meta":{"_et_pb_use_builder":"","_et_pb_old_content":"","_et_gb_content_width":"","footnotes":""},"categories":[11,33],"tags":[],"class_list":["post-8482","post","type-post","status-publish","format-standard","has-post-thumbnail","hentry","category-ciudad","category-sociedad-y-cultura-2"],"_links":{"self":[{"href":"https:\/\/vocesdebaires.com.ar\/index.php\/wp-json\/wp\/v2\/posts\/8482"}],"collection":[{"href":"https:\/\/vocesdebaires.com.ar\/index.php\/wp-json\/wp\/v2\/posts"}],"about":[{"href":"https:\/\/vocesdebaires.com.ar\/index.php\/wp-json\/wp\/v2\/types\/post"}],"author":[{"embeddable":true,"href":"https:\/\/vocesdebaires.com.ar\/index.php\/wp-json\/wp\/v2\/users\/1"}],"replies":[{"embeddable":true,"href":"https:\/\/vocesdebaires.com.ar\/index.php\/wp-json\/wp\/v2\/comments?post=8482"}],"version-history":[{"count":0,"href":"https:\/\/vocesdebaires.com.ar\/index.php\/wp-json\/wp\/v2\/posts\/8482\/revisions"}],"wp:featuredmedia":[{"embeddable":true,"href":"https:\/\/vocesdebaires.com.ar\/index.php\/wp-json\/wp\/v2\/media\/8483"}],"wp:attachment":[{"href":"https:\/\/vocesdebaires.com.ar\/index.php\/wp-json\/wp\/v2\/media?parent=8482"}],"wp:term":[{"taxonomy":"category","embeddable":true,"href":"https:\/\/vocesdebaires.com.ar\/index.php\/wp-json\/wp\/v2\/categories?post=8482"},{"taxonomy":"post_tag","embeddable":true,"href":"https:\/\/vocesdebaires.com.ar\/index.php\/wp-json\/wp\/v2\/tags?post=8482"}],"curies":[{"name":"wp","href":"https:\/\/api.w.org\/{rel}","templated":true}]}}