{"id":8486,"date":"2017-05-19T03:00:00","date_gmt":"2017-05-19T06:00:00","guid":{"rendered":"http:\/\/vocesdebaires.com.ar\/wordpress\/index.php\/2017\/05\/19\/ritondo-entrego-moviles-y-chalecos-antibalas\/"},"modified":"2017-05-19T03:00:00","modified_gmt":"2017-05-19T06:00:00","slug":"ritondo-entrego-moviles-y-chalecos-antibalas","status":"publish","type":"post","link":"https:\/\/vocesdebaires.com.ar\/index.php\/2017\/05\/19\/ritondo-entrego-moviles-y-chalecos-antibalas\/","title":{"rendered":"Ritondo entreg\u00f3 m\u00f3viles y  chalecos antibalas"},"content":{"rendered":"<p>\u00a0<br \/>\nEl ministro de Seguridad bonaerense, Cristian Ritondo, acompa\u00f1ado por el intendente de Chivilcoy, Guillermo Britos, entreg\u00f3 ayer seis unidades m\u00f3viles inteligentes con c\u00e1maras 360\u00b0 que reforzar\u00e1n la prevenci\u00f3n del delito en ese distrito del interior provincial y chalecos antibalas para los efectivos policiales. Adem\u00e1s, recorri\u00f3 las instalaciones en construcci\u00f3n de un Centro de Monitoreo que en los pr\u00f3ximos meses estar\u00e1 en funcionamiento.Durante la ceremonia, el funcionario de la administraci\u00f3n de Mar\u00eda Eugenia Vidal dijo que &quot;la seguridad no es solo una necesidad de intendentes, ministros o de la Gobernadora, sino que es de los ciudadanos que la reclaman&quot;,\u00a0 y asegur\u00f3: &quot;Por eso tenemos la obligaci\u00f3n de cumplir con ese gran desaf\u00edo&quot;. &quot;El primer derecho humano es el de la libertad. Cuando uno es libre puede optar, elegir, pensar y\u00a0 la inseguridad cuarta ese derecho&quot;, manifest\u00f3 el Ministro, y sostuvo que &quot;nuestra pelea es todos los d\u00edas para garantizar que los ciudadanos disfruten de su libertad y del espacio p\u00fablico&quot;.En rueda de prensa, el funcionario provincial asegur\u00f3 que &quot;esta lucha se hace sin divisi\u00f3n de banderas porque hay un solo objetivo en com\u00fan: la seguridad de los vecinos&quot;, y afirm\u00f3: &quot;Necesitamos que los polic\u00edas tengan los elementos para trabajar, chalecos, pistolas, se capaciten, se entrenen y que los ascensos no sean a dedo sino por capacidad&quot;. &quot;La forma de enfrentar la inseguridad es con decisi\u00f3n pol\u00edtica y trabajando juntos&quot;, concluy\u00f3 Ritondo.Por su parte, el Jefe Comunal agradeci\u00f3 al Ministro y a la Gobernadora &quot;porque siempre han colaborado con Chivilcoy sin mirar las diferencias pol\u00edticas&quot; y recalc\u00f3 que &quot;por primera vez en la historia de la localidad estamos entregando 13 m\u00f3viles nuevos cero kil\u00f3metro y de \u00faltima generaci\u00f3n, seis de alta tecnolog\u00eda entregados por el ministerio y siete adquiridos por el municipio con el presupuesto enviado desde provincia&quot;. M\u00e1s tarde, el funcionario y el intendente, recorrieron las instalaciones de un Centro de Monitoreo en construcci\u00f3n que pr\u00f3ximamente ser\u00e1 inaugurado y que fue financiado por el Fondo de Fortalecimiento en Seguridad entregado por la Provincia a los municipios.<br \/>\nfotos: Ministerio de Seguridad de la Provincia de Buenos Aires<\/p>\n","protected":false},"excerpt":{"rendered":"<p>\u00a0 El ministro de Seguridad bonaerense, Cristian Ritondo, acompa\u00f1ado por el intendente de Chivilcoy, Guillermo Britos, entreg\u00f3 ayer seis unidades m\u00f3viles inteligentes con c\u00e1maras 360\u00b0 que reforzar\u00e1n la prevenci\u00f3n del delito en ese distrito del interior provincial y chalecos antibalas para los efectivos policiales. Adem\u00e1s, recorri\u00f3 las instalaciones en construcci\u00f3n de un Centro de Monitoreo [&hellip;]<\/p>\n","protected":false},"author":1,"featured_media":8487,"comment_status":"open","ping_status":"open","sticky":false,"template":"","format":"standard","meta":{"_et_pb_use_builder":"","_et_pb_old_content":"","_et_gb_content_width":"","footnotes":""},"categories":[34,13],"tags":[],"class_list":["post-8486","post","type-post","status-publish","format-standard","has-post-thumbnail","hentry","category-politica","category-provincia"],"_links":{"self":[{"href":"https:\/\/vocesdebaires.com.ar\/index.php\/wp-json\/wp\/v2\/posts\/8486"}],"collection":[{"href":"https:\/\/vocesdebaires.com.ar\/index.php\/wp-json\/wp\/v2\/posts"}],"about":[{"href":"https:\/\/vocesdebaires.com.ar\/index.php\/wp-json\/wp\/v2\/types\/post"}],"author":[{"embeddable":true,"href":"https:\/\/vocesdebaires.com.ar\/index.php\/wp-json\/wp\/v2\/users\/1"}],"replies":[{"embeddable":true,"href":"https:\/\/vocesdebaires.com.ar\/index.php\/wp-json\/wp\/v2\/comments?post=8486"}],"version-history":[{"count":0,"href":"https:\/\/vocesdebaires.com.ar\/index.php\/wp-json\/wp\/v2\/posts\/8486\/revisions"}],"wp:featuredmedia":[{"embeddable":true,"href":"https:\/\/vocesdebaires.com.ar\/index.php\/wp-json\/wp\/v2\/media\/8487"}],"wp:attachment":[{"href":"https:\/\/vocesdebaires.com.ar\/index.php\/wp-json\/wp\/v2\/media?parent=8486"}],"wp:term":[{"taxonomy":"category","embeddable":true,"href":"https:\/\/vocesdebaires.com.ar\/index.php\/wp-json\/wp\/v2\/categories?post=8486"},{"taxonomy":"post_tag","embeddable":true,"href":"https:\/\/vocesdebaires.com.ar\/index.php\/wp-json\/wp\/v2\/tags?post=8486"}],"curies":[{"name":"wp","href":"https:\/\/api.w.org\/{rel}","templated":true}]}}