{"id":8488,"date":"2017-05-18T10:25:34","date_gmt":"2017-05-18T13:25:34","guid":{"rendered":"http:\/\/vocesdebaires.com.ar\/wordpress\/index.php\/2017\/05\/18\/santilli-participo-plan-nacional-de-infancia\/"},"modified":"2017-05-18T10:25:34","modified_gmt":"2017-05-18T13:25:34","slug":"santilli-participo-plan-nacional-de-infancia","status":"publish","type":"post","link":"https:\/\/vocesdebaires.com.ar\/index.php\/2017\/05\/18\/santilli-participo-plan-nacional-de-infancia\/","title":{"rendered":"Santilli particip\u00f3: Plan Nacional de  Infancia"},"content":{"rendered":"<p>\u00a0<br \/>\nEl vicejefe de Gobierno porte\u00f1o, Diego Santilli, particip\u00f3\u00a0\u00a0 ayer de la presentaci\u00f3n del Plan Nacional de Primera Infancia, una iniciativa que implica un trabajo en conjunto entre el Ministerio de Desarrollo Social de la Naci\u00f3n y el de Desarrollo Humano y H\u00e1bitat de la Ciudad de Buenos Aires.Santilli asegur\u00f3 que este acuerdo significa &quot;m\u00e1s cuidado y m\u00e1s atenci\u00f3n a nuestros ni\u00f1os, en esa formaci\u00f3n de los 45 d\u00edas a los 4 a\u00f1os que es el momento donde tenemos que estar cerquita, porque te puede generar la diferencia hacia adelante\u201d.<br \/>\nA su vez, record\u00f3 que esta iniciativa fue \u201cun estandarte del propio presidente Mauricio Macri cuando empez\u00f3 su gesti\u00f3n en la Ciudad de Buenos Aires. Fue para \u00e9l como un faro hacia donde deb\u00edamos ir y llevar esta pol\u00edtica de Estado\u201d.Con este acuerdo, los Centros de Primera Infancia (CPI) porte\u00f1os ser\u00e1n incorporados al Plan Nacional y, de esa forma, acceder\u00e1n al fortalecimiento institucional en pos de la atenci\u00f3n integral de los ni\u00f1os de entre 45 d\u00edas y 4 a\u00f1os.En ese sentido, el Vicejefe de Gobierno destac\u00f3 el \u201ctrabajo en equipo\u201d como una \u201ccuesti\u00f3n central\u201d y dijo: \u201cImag\u00ednate cu\u00e1nto amor, contenci\u00f3n e integraci\u00f3n podemos dar llevando esto a todo el pa\u00eds\u201d.<br \/>\nSantilli estuvo acompa\u00f1ado por el secretario de Coordinaci\u00f3n y Monitoreo Institucional del Ministerio de Desarrollo Social de la Naci\u00f3n, Gabriel Castelli, y por la ministra de Desarrollo Humano y H\u00e1bitat de la Ciudad, Guadalupe Tagliaferri.Castelli, por su parte, valor\u00f3 que \u201cla gran fuente de inspiraci\u00f3n de esta iniciativa est\u00e1 en ustedes\u201d, en referencia al equipo de trabajo de los Centros de Primera Infancia.\u201cEl Plan Nacional de Primera Infancia era una de las iniciativas principales de este gobierno y por eso estamos haciendo este esfuerzo de tratar de llegar en estos cuatro a\u00f1os a 400.000 chicos para que tengan esta oportunidad que de otra manera dif\u00edcilmente la obtengan\u201d, explic\u00f3.<br \/>\nA su turno, Tagliaferri ratific\u00f3 que \u201cel gobierno de la Ciudad de Buenos Aires cree profundamente en acompa\u00f1ar el trabajo social de cada una de las organizaciones\u201d.\u201cPonemos lo que hay que poner, acompa\u00f1amos, creamos pol\u00edticas p\u00fablicas, buscamos garantizar derechos, hacemos transferencias monetarias pero los que ponen el alma a cada uno de estos proyectos son ustedes\u201d, dijo.El Plan Nacional de Primera Infancia fue creado por decreto en mayo de 2016 en el marco de la Ley de Protecci\u00f3n Integral de los Derechos de ni\u00f1as, ni\u00f1os y adolescentes N\u00b0 26.061, a cargo de la Secretaria Nacional de Ni\u00f1ez y Familia del Ministerio de Desarrollo Social de la Naci\u00f3n.<br \/>\nLa iniciativa act\u00faa bajo acuerdos entre los gobiernos provinciales, municipales y\/u organismos de la sociedad civil, y se desarrolla en espacios destinados a la primera infancia que aseguren asistencia nutricional, estimulaci\u00f3n temprana y psicomotricidad, prevenci\u00f3n y promoci\u00f3n de la salud y capacitaciones.El objetivo es promover y proteger los derechos infantiles, generando condiciones de participaci\u00f3n activa en el \u00e1mbito familiar y comunitario que favorezcan la crianza y el desarrollo de los ni\u00f1os.En ese marco, los 72 CPI que actualmente tiene la Ciudad buscan garantizar el crecimiento y desarrollo saludable de ni\u00f1as y ni\u00f1os de 45 d\u00edas a 4 a\u00f1os en situaci\u00f3n de vulnerabilidad social en el \u00e1mbito porte\u00f1o.<\/p>\n","protected":false},"excerpt":{"rendered":"<p>\u00a0 El vicejefe de Gobierno porte\u00f1o, Diego Santilli, particip\u00f3\u00a0\u00a0 ayer de la presentaci\u00f3n del Plan Nacional de Primera Infancia, una iniciativa que implica un trabajo en conjunto entre el Ministerio de Desarrollo Social de la Naci\u00f3n y el de Desarrollo Humano y H\u00e1bitat de la Ciudad de Buenos Aires.Santilli asegur\u00f3 que este acuerdo significa &quot;m\u00e1s [&hellip;]<\/p>\n","protected":false},"author":1,"featured_media":8489,"comment_status":"open","ping_status":"open","sticky":false,"template":"","format":"standard","meta":{"_et_pb_use_builder":"","_et_pb_old_content":"","_et_gb_content_width":"","footnotes":""},"categories":[11,33],"tags":[],"class_list":["post-8488","post","type-post","status-publish","format-standard","has-post-thumbnail","hentry","category-ciudad","category-sociedad-y-cultura-2"],"_links":{"self":[{"href":"https:\/\/vocesdebaires.com.ar\/index.php\/wp-json\/wp\/v2\/posts\/8488"}],"collection":[{"href":"https:\/\/vocesdebaires.com.ar\/index.php\/wp-json\/wp\/v2\/posts"}],"about":[{"href":"https:\/\/vocesdebaires.com.ar\/index.php\/wp-json\/wp\/v2\/types\/post"}],"author":[{"embeddable":true,"href":"https:\/\/vocesdebaires.com.ar\/index.php\/wp-json\/wp\/v2\/users\/1"}],"replies":[{"embeddable":true,"href":"https:\/\/vocesdebaires.com.ar\/index.php\/wp-json\/wp\/v2\/comments?post=8488"}],"version-history":[{"count":0,"href":"https:\/\/vocesdebaires.com.ar\/index.php\/wp-json\/wp\/v2\/posts\/8488\/revisions"}],"wp:featuredmedia":[{"embeddable":true,"href":"https:\/\/vocesdebaires.com.ar\/index.php\/wp-json\/wp\/v2\/media\/8489"}],"wp:attachment":[{"href":"https:\/\/vocesdebaires.com.ar\/index.php\/wp-json\/wp\/v2\/media?parent=8488"}],"wp:term":[{"taxonomy":"category","embeddable":true,"href":"https:\/\/vocesdebaires.com.ar\/index.php\/wp-json\/wp\/v2\/categories?post=8488"},{"taxonomy":"post_tag","embeddable":true,"href":"https:\/\/vocesdebaires.com.ar\/index.php\/wp-json\/wp\/v2\/tags?post=8488"}],"curies":[{"name":"wp","href":"https:\/\/api.w.org\/{rel}","templated":true}]}}